{"id":221092,"date":"2026-01-08T20:27:08","date_gmt":"2026-01-08T20:27:08","guid":{"rendered":"https:\/\/www.europesays.com\/pt\/221092\/"},"modified":"2026-01-08T20:27:08","modified_gmt":"2026-01-08T20:27:08","slug":"mercado-ja-ha-novidades-sobre-a-chegada-de-cancelo-a-barcelona","status":"publish","type":"post","link":"https:\/\/www.europesays.com\/pt\/221092\/","title":{"rendered":"Mercado: j\u00e1 h\u00e1 novidades sobre a chegada de Cancelo a Barcelona"},"content":{"rendered":"<p>N\u00e3o \u00e9 nenhum segredo que <a class=\"autolink-enabled\" data-resource-id=\"3912\" data-resource-type=\"player\" data-sport=\"football\" href=\"https:\/\/www.abola.pt\/futebol\/jogador\/joao-cancelo-3912\" rel=\"nofollow noopener\" target=\"_blank\">Jo\u00e3o Cancelo<\/a> vai mesmo regressar ao <a class=\"autolink-enabled\" data-resource-id=\"205\" data-resource-type=\"team\" data-sport=\"football\" href=\"https:\/\/www.abola.pt\/futebol\/barcelona-205\" rel=\"nofollow noopener\" target=\"_blank\">Barcelona<\/a>, ali\u00e1s, tanto Hansi Flick como Deco j\u00e1 confirmaram que \u00e9 apenas uma quest\u00e3o de tempo at\u00e9 a transfer\u00eancia ser oficializada, mas, at\u00e9 agora, essa data ainda era uma inc\u00f3gnita.<\/p>\n<p>O internacional portugu\u00eas vai ser cedido pelo <a target=\"_blank\" class=\"editor-link autolink-enabled\" href=\"https:\/\/www.abola.pt\/futebol\/al-hilal-2866\" data-resource-id=\"2866\" data-resource-type=\"team\" data-sport=\"football\" rel=\"nofollow noopener\">Al Hilal<\/a> at\u00e9 ao final da temporada e j\u00e1 deixou a <a target=\"_blank\" class=\"editor-link autolink-enabled\" href=\"https:\/\/www.abola.pt\/futebol\/arabia-saudita-1676\" data-resource-id=\"1676\" data-resource-type=\"team\" data-sport=\"football\" rel=\"nofollow noopener\">Ar\u00e1bia Saudita<\/a>, ficando de fora do jogo dos sauditas desta quinta-feira, na rece\u00e7\u00e3o ao Al Hazem (3-0), tal como dos tr\u00eas jogos anteriores.<\/p>\n<p>Segundo o Mundo Deportivo, o atleta de 31 anos \u00e9 esperado j\u00e1 esta sexta-feira na Catalunha para realizar os habituais exames m\u00e9dicos e o an\u00fancio pode ser feito ainda no mesmo dia, se n\u00e3o s\u00f3 no fim de semana.<\/p>\n<p>J\u00e1 a apresenta\u00e7\u00e3o s\u00f3 acontecer\u00e1 depois da final da Superta\u00e7a de Espanha, que se vai realizar no domingo (curiosamente em solo saudita), ou seja, na pr\u00f3xima semana, altura em que os jogadores regressam a casa. O <a target=\"_blank\" class=\"editor-link autolink-enabled\" href=\"https:\/\/www.abola.pt\/futebol\/barcelona-205\" data-resource-id=\"205\" data-resource-type=\"team\" data-sport=\"football\" rel=\"nofollow noopener\">Barcelona<\/a> j\u00e1 est\u00e1 apurado, ap\u00f3s golear o Athletic Bilbao (5-0), e aguarda o vencedor do <a target=\"_blank\" class=\"editor-link autolink-enabled\" href=\"https:\/\/www.abola.pt\/futebol\/atletico-madrid-209\" data-resource-id=\"209\" data-resource-type=\"team\" data-sport=\"football\" rel=\"nofollow noopener\">Atl\u00e9tico Madrid<\/a>&#8211;<a target=\"_blank\" class=\"editor-link autolink-enabled\" href=\"https:\/\/www.abola.pt\/futebol\/real-madrid-204\" data-resource-id=\"204\" data-resource-type=\"team\" data-sport=\"football\" rel=\"nofollow noopener\">Real Madrid<\/a>, esta quinta-feira.<\/p>\n","protected":false},"excerpt":{"rendered":"N\u00e3o \u00e9 nenhum segredo que Jo\u00e3o Cancelo vai mesmo regressar ao Barcelona, ali\u00e1s, tanto Hansi Flick como Deco&hellip;\n","protected":false},"author":2,"featured_media":221093,"comment_status":"","ping_status":"","sticky":false,"template":"","format":"standard","meta":{"footnotes":""},"categories":[87],"tags":[135,32,33,134],"class_list":{"0":"post-221092","1":"post","2":"type-post","3":"status-publish","4":"format-standard","5":"has-post-thumbnail","7":"category-desporto","8":"tag-desporto","9":"tag-portugal","10":"tag-pt","11":"tag-sports"},"share_on_mastodon":{"url":"https:\/\/pubeurope.com\/@pt\/115861365944091740","error":""},"_links":{"self":[{"href":"https:\/\/www.europesays.com\/pt\/wp-json\/wp\/v2\/posts\/221092","targetHints":{"allow":["GET"]}}],"collection":[{"href":"https:\/\/www.europesays.com\/pt\/wp-json\/wp\/v2\/posts"}],"about":[{"href":"https:\/\/www.europesays.com\/pt\/wp-json\/wp\/v2\/types\/post"}],"author":[{"embeddable":true,"href":"https:\/\/www.europesays.com\/pt\/wp-json\/wp\/v2\/users\/2"}],"replies":[{"embeddable":true,"href":"https:\/\/www.europesays.com\/pt\/wp-json\/wp\/v2\/comments?post=221092"}],"version-history":[{"count":0,"href":"https:\/\/www.europesays.com\/pt\/wp-json\/wp\/v2\/posts\/221092\/revisions"}],"wp:featuredmedia":[{"embeddable":true,"href":"https:\/\/www.europesays.com\/pt\/wp-json\/wp\/v2\/media\/221093"}],"wp:attachment":[{"href":"https:\/\/www.europesays.com\/pt\/wp-json\/wp\/v2\/media?parent=221092"}],"wp:term":[{"taxonomy":"category","embeddable":true,"href":"https:\/\/www.europesays.com\/pt\/wp-json\/wp\/v2\/categories?post=221092"},{"taxonomy":"post_tag","embeddable":true,"href":"https:\/\/www.europesays.com\/pt\/wp-json\/wp\/v2\/tags?post=221092"}],"curies":[{"name":"wp","href":"https:\/\/api.w.org\/{rel}","templated":true}]}}