{"id":221094,"date":"2026-01-08T20:28:07","date_gmt":"2026-01-08T20:28:07","guid":{"rendered":"https:\/\/www.europesays.com\/pt\/221094\/"},"modified":"2026-01-08T20:28:07","modified_gmt":"2026-01-08T20:28:07","slug":"prefeitura-inicia-nesta-segunda-feira-o","status":"publish","type":"post","link":"https:\/\/www.europesays.com\/pt\/221094\/","title":{"rendered":"Prefeitura inicia nesta segunda-feira o&#8230;"},"content":{"rendered":"<p>&#13;<br \/>\n                                            Levantamento vai envolver 130 agentes de sa\u00fade e acontecer\u00e1 em 535 quarteir\u00f5es &#13;\n                                        <\/p>\n<p>&#13;<br \/>\n                                            A Prefeitura de Mar\u00edlia, por meio da Secretaria Municipal da Sa\u00fade, dar\u00e1 in\u00edcio nesta segunda-feira (12 de janeiro) ao primeiro LIRAa (Levantamento de \u00cdndice R\u00e1pido para o Aedes aegypti) do ano.<br \/>&#13;<br \/>\n\u00a0<br \/>&#13;<br \/>\nEsse primeiro levantamento de 2026 vai envolver 130 agentes de sa\u00fade, entre comunit\u00e1rios, de controle de endemias e de zoonoses, e acontecer\u00e1 num total de 535 quarteir\u00f5es de todas as regi\u00f5es da cidade. O trabalho deve ser feito em duas semanas e o resultado ser\u00e1 divulgado at\u00e9 o final do m\u00eas.<br \/>&#13;<br \/>\n\u00a0<br \/>&#13;<br \/>\nO LIRAa \u00e9 um m\u00e9todo de pesquisa que visa identificar focos do mosquito Aedes aegypti, transmissor da dengue, zika e chikungunya em \u00e1reas urbanas, sendo realizado por meio de inspe\u00e7\u00e3o dos im\u00f3veis, com coleta de amostras de larvas em recipientes com \u00e1gua parada, e an\u00e1lise para calcular o \u00cdndice Predial (IP) e o \u00cdndice Breteau (IB).<br \/>&#13;<br \/>\n\u00a0<br \/>&#13;<br \/>\nA secret\u00e1ria municipal da Sa\u00fade, Dra. Paloma Libanio, destacou a import\u00e2ncia desse levantamento. \u201cOs objetivos do trabalho s\u00e3o obter rapidamente informa\u00e7\u00f5es sobre a infesta\u00e7\u00e3o do Aedes aegypti; identificar os tipos de recipientes que s\u00e3o criadouros do mosquito; e orientar as a\u00e7\u00f5es de combate ao mosquito e controle de doen\u00e7as \u2013 o LIRAa \u00e9 uma ferramenta importante, pois permite direcionar as a\u00e7\u00f5es de combate ao mosquito para as \u00e1reas com maior risco de infesta\u00e7\u00e3o. Por isso \u00e9 fundamental que a popula\u00e7\u00e3o colabore, permitindo o acesso dos agentes de sa\u00fade nos im\u00f3veis escolhidos.\u201d<br \/>&#13;<br \/>\n\u00a0<br \/>&#13;<br \/>\nJ\u00e1 a supervisora da Divis\u00e3o de Zoonoses, Talita Rodrigues, tamb\u00e9m falou da import\u00e2ncia dos moradores tamb\u00e9m serem parceiros, retirando qualquer recipiente que acumule \u00e1gua. \u201cPrincipalmente nesse per\u00edodo de chuva \u00e9 fundamental a popula\u00e7\u00e3o ficar atenta a qualquer recipiente com \u00e1gua parada, que vira criadouro do mosquito Aedes aegypti. O morador deve ficar atento e eliminar tudo que possa acumular \u00e1gua.\u201d<br \/>&#13;<br \/>\n\u00a0<br \/>&#13;<br \/>\nCom o LIRAa tem-se o IIP (\u00cdndice de Infesta\u00e7\u00e3o Predial, que \u00e9 a porcentagem de im\u00f3veis com presen\u00e7a de larvas do mosquito da dengue (Aedes aegypti), e serve para classificar o risco de surtos de doen\u00e7as como dengue, zika e chikungunya, sendo um indicador fundamental para as a\u00e7\u00f5es de controle vetorial.<br \/>&#13;<br \/>\nA classifica\u00e7\u00e3o de risco \u00e9 assim: menor que 1% &#8211; Situa\u00e7\u00e3o satisfat\u00f3ria (alerta verde &#8211; baixo risco); de 1% a 3,9% &#8211; Situa\u00e7\u00e3o de alerta (amarelo); e 4% ou mais &#8211; risco de surto de dengue, zika ou chikungunya (alerta vermelho).<br \/>&#13;<br \/>\n\u00a0<br \/>&#13;<br \/>\nFotos: Divulga\u00e7\u00e3o                                        <\/p>\n","protected":false},"excerpt":{"rendered":"&#13; Levantamento vai envolver 130 agentes de sa\u00fade e acontecer\u00e1 em 535 quarteir\u00f5es &#13; &#13; A Prefeitura de&hellip;\n","protected":false},"author":2,"featured_media":221095,"comment_status":"","ping_status":"","sticky":false,"template":"","format":"standard","meta":{"footnotes":""},"categories":[86],"tags":[116,32,33,117],"class_list":{"0":"post-221094","1":"post","2":"type-post","3":"status-publish","4":"format-standard","5":"has-post-thumbnail","7":"category-saude","8":"tag-health","9":"tag-portugal","10":"tag-pt","11":"tag-saude"},"share_on_mastodon":{"url":"https:\/\/pubeurope.com\/@pt\/115861369818895587","error":""},"_links":{"self":[{"href":"https:\/\/www.europesays.com\/pt\/wp-json\/wp\/v2\/posts\/221094","targetHints":{"allow":["GET"]}}],"collection":[{"href":"https:\/\/www.europesays.com\/pt\/wp-json\/wp\/v2\/posts"}],"about":[{"href":"https:\/\/www.europesays.com\/pt\/wp-json\/wp\/v2\/types\/post"}],"author":[{"embeddable":true,"href":"https:\/\/www.europesays.com\/pt\/wp-json\/wp\/v2\/users\/2"}],"replies":[{"embeddable":true,"href":"https:\/\/www.europesays.com\/pt\/wp-json\/wp\/v2\/comments?post=221094"}],"version-history":[{"count":0,"href":"https:\/\/www.europesays.com\/pt\/wp-json\/wp\/v2\/posts\/221094\/revisions"}],"wp:featuredmedia":[{"embeddable":true,"href":"https:\/\/www.europesays.com\/pt\/wp-json\/wp\/v2\/media\/221095"}],"wp:attachment":[{"href":"https:\/\/www.europesays.com\/pt\/wp-json\/wp\/v2\/media?parent=221094"}],"wp:term":[{"taxonomy":"category","embeddable":true,"href":"https:\/\/www.europesays.com\/pt\/wp-json\/wp\/v2\/categories?post=221094"},{"taxonomy":"post_tag","embeddable":true,"href":"https:\/\/www.europesays.com\/pt\/wp-json\/wp\/v2\/tags?post=221094"}],"curies":[{"name":"wp","href":"https:\/\/api.w.org\/{rel}","templated":true}]}}