{"id":221100,"date":"2026-01-08T20:32:16","date_gmt":"2026-01-08T20:32:16","guid":{"rendered":"https:\/\/www.europesays.com\/pt\/221100\/"},"modified":"2026-01-08T20:32:16","modified_gmt":"2026-01-08T20:32:16","slug":"eua-agente-do-ice-mata-mulher-desarmada-trump-diz-que-a-vitima-agiu-de-forma-desordeira","status":"publish","type":"post","link":"https:\/\/www.europesays.com\/pt\/221100\/","title":{"rendered":"EUA: agente do ICE mata mulher desarmada; Trump diz que a v\u00edtima agiu de forma \u201cdesordeira\u201d"},"content":{"rendered":"<p>Centenas de pessoas estiveram reunidas em protesto contra a morte de uma mulher de 37 anos, j\u00e1 identificada pelas autoridades como Renee Nicole Good, \u00e0s m\u00e3os de um agente do ICE, a ag\u00eancia de controlo de imigra\u00e7\u00e3o norte-americana. Good era escritora e deixa dois filhos e uma filha. Uma das crian\u00e7as, um rapaz de seis anos, fica \u00f3rf\u00e3o, uma vez que j\u00e1 tinha perdido o pai em 2023.<\/p>\n<p>O Departamento de Seguran\u00e7a Interna dos EUA (DHS) confirmou a morte de Good, que aconteceu na quarta-feira num bairro do sul de Minnesota, mas afirmou que os disparos foram um acto de leg\u00edtima defesa, descrevendo a v\u00edtima como uma \u201cmanifestante violenta\u201d e alegando que os agentes consideraram estar em perigo de vida.<\/p>\n<p>No entanto, os v\u00eddeos divulgados por v\u00e1rios jornais, que mostram o sucedido a partir de v\u00e1rios \u00e2ngulos, n\u00e3o revelam nenhum movimento do carro de Good contra os agentes, s\u00e3o at\u00e9 vis\u00edveis luzes de marcha-atr\u00e1s quando os agentes se aproximam, indicando que Good estaria a tentar recuar para lhes ceder passagem. Um dos agentes dirige-se ao carro, tenta abrir a porta do lado do condutor mas, como est\u00e1 trancada, tenta abri-la por dentro, enfiando o bra\u00e7o pela janela aberta. Good tenta depois contornar um agente e um outro dispara a curta dist\u00e2ncia contra o vidro do seu carro. Mais dois tiros s\u00e3o ouvidos, e os v\u00eddeos parecem mostrar que pelo menos um \u00e9 disparado pela janela aberta.<\/p>\n<p>Um v\u00eddeo gravado de outro \u00e2ngulo parece mostrar Good a ceder passagem aos ve\u00edculos federais e a fazer-lhes sinal para avan\u00e7arem, isto tudo antes de eles se dirigirem ao ve\u00edculo.<\/p>\n<p>O presidente da C\u00e2mara de Minneapolis, Jacob Frey, contestou publicamente a vers\u00e3o do DHS, e diz que o <a href=\"https:\/\/expresso.pt\/internacional\/eua\/2025-07-23-milhoes-para-prender-imigrantes-num-festim-a-custa-da-ilegalidade-parece-que-os-direitos-basicos-ficam-a-porta-dos-centros-de-detencao-6371bb91\" target=\"_blank\" rel=\"noopener noreferrer nofollow\">ICE <\/a>est\u00e1 a tentar \u201cmanipular\u201d os factos. A desculpa de leg\u00edtima defesa \u00e9 \u201cum disparate\u201d, disse Frey, depois de ter visto o v\u00eddeo. O governador do Minnesota, Tim Walz, j\u00e1 deu ordem de mobiliza\u00e7\u00e3o \u00e0 guarda nacional estadual, que est\u00e1 em alerta caso seja preciso proteger os cidad\u00e3os contra o ICE.<\/p>\n<p>V\u00e1rias testemunhas disseram que Good se encontrava no local de uma rusga do ICE como observadora legal \u2014 uma volunt\u00e1ria que acompanha a pol\u00edcia e as for\u00e7as de seguran\u00e7a em protestos e opera\u00e7\u00f5es. O objetivo destes observadores \u00e9 ajudar a manter a calma, dissuadir condutas impr\u00f3prias e garantir que os direitos legais sejam respeitados. A m\u00e3e de Good disse ao jornal \u201cMinnesota Star Tribune\u201d que a filha \u201cn\u00e3o fazia parte de nada\u201d que envolvesse confrontar agentes do ICE. O seu primeiro marido disse igualmente que Good n\u00e3o era activista contra o Governo.<\/p>\n<p>A ministra da Seguran\u00e7a Interna, Kristi Noem, classificou a alegada tentativa de atropelamento como \u201cacto de terrorismo dom\u00e9stico\u201d e defendeu que o ve\u00edculo constitu\u00eda uma \u201carma letal\u201d contra os agentes do ICE. \u201cO uso de for\u00e7a letal \u00e9 perfeitamente legal quando existe uma amea\u00e7a\u201d, afirmou Noem em confer\u00eancia de imprensa, na quarta-feira. Numa publica\u00e7\u00e3o feita na quarta-feira na sua plataforma Truth Social, Donald Trump comentou o caso, e tamb\u00e9m culpou a v\u00edtima: \u201cA mulher que conduzia o carro estava muito desordeira, a obstruir e a resistir, tendo depois atropelado de forma violenta, deliberada e cruel o agente do ICE, que parece t\u00ea-la baleado em leg\u00edtima defesa\u201d.<\/p>\n<p>A r\u00e1dio p\u00fablica do Minnesota (MPR) esteve no terreno durante os protestos e ouviu algumas testemunhas que presenciaram o incidente. Uma residente do bairro onde tudo aconteceu disse a MPR que a mulher \u201cn\u00e3o representava absolutamente nenhuma amea\u00e7a para qualquer um destes agentes\u201d, contrariando a vers\u00e3o apresentada pelas autoridades federais. Ao voltar de um passeio com o seu c\u00e3o, viu a cena a desenrolar-se. \u201cO que vi ao virar a esquina foi um SUV vermelho escuro e um conjunto de ve\u00edculos na rua, incluindo o que me pareceram ser agentes federais a rodear o ve\u00edculo, bem como v\u00e1rias testemunhas do bairro no passeio\u201d, disse. \u00c0 medida que se aproximava, Betsy disse ter um homem a usar um colete \u00e0 prova de bala preto, que estava \u201ca gritar com a condutora\u201d. Ela \u201cparecia estar a tentar deslocar o ve\u00edculo para sul, na Portland Avenue, para sair do caminho da atividade que estava a ocorrer\u201d, disse ainda.<\/p>\n<p>Ap\u00f3s o tiroteio, uma grande multid\u00e3o reuniu-se na zona, que fica a menos de um quil\u00f3metro do local onde George Floyd foi morto, em Maio de 2020.<\/p>\n","protected":false},"excerpt":{"rendered":"Centenas de pessoas estiveram reunidas em protesto contra a morte de uma mulher de 37 anos, j\u00e1 identificada&hellip;\n","protected":false},"author":2,"featured_media":221101,"comment_status":"","ping_status":"","sticky":false,"template":"","format":"standard","meta":{"footnotes":""},"categories":[50],"tags":[27,28,15,16,14,25,26,21,22,62,12,13,19,20,23,24,17,18,29,30,31,63,64,65],"class_list":{"0":"post-221100","1":"post","2":"type-post","3":"status-publish","4":"format-standard","5":"has-post-thumbnail","7":"category-mundo","8":"tag-breaking-news","9":"tag-breakingnews","10":"tag-featured-news","11":"tag-featurednews","12":"tag-headlines","13":"tag-latest-news","14":"tag-latestnews","15":"tag-main-news","16":"tag-mainnews","17":"tag-mundo","18":"tag-news","19":"tag-noticias","20":"tag-noticias-principais","21":"tag-noticiasprincipais","22":"tag-principais-noticias","23":"tag-principaisnoticias","24":"tag-top-stories","25":"tag-topstories","26":"tag-ultimas","27":"tag-ultimas-noticias","28":"tag-ultimasnoticias","29":"tag-world","30":"tag-world-news","31":"tag-worldnews"},"share_on_mastodon":{"url":"https:\/\/pubeurope.com\/@pt\/115861385571749216","error":""},"_links":{"self":[{"href":"https:\/\/www.europesays.com\/pt\/wp-json\/wp\/v2\/posts\/221100","targetHints":{"allow":["GET"]}}],"collection":[{"href":"https:\/\/www.europesays.com\/pt\/wp-json\/wp\/v2\/posts"}],"about":[{"href":"https:\/\/www.europesays.com\/pt\/wp-json\/wp\/v2\/types\/post"}],"author":[{"embeddable":true,"href":"https:\/\/www.europesays.com\/pt\/wp-json\/wp\/v2\/users\/2"}],"replies":[{"embeddable":true,"href":"https:\/\/www.europesays.com\/pt\/wp-json\/wp\/v2\/comments?post=221100"}],"version-history":[{"count":0,"href":"https:\/\/www.europesays.com\/pt\/wp-json\/wp\/v2\/posts\/221100\/revisions"}],"wp:featuredmedia":[{"embeddable":true,"href":"https:\/\/www.europesays.com\/pt\/wp-json\/wp\/v2\/media\/221101"}],"wp:attachment":[{"href":"https:\/\/www.europesays.com\/pt\/wp-json\/wp\/v2\/media?parent=221100"}],"wp:term":[{"taxonomy":"category","embeddable":true,"href":"https:\/\/www.europesays.com\/pt\/wp-json\/wp\/v2\/categories?post=221100"},{"taxonomy":"post_tag","embeddable":true,"href":"https:\/\/www.europesays.com\/pt\/wp-json\/wp\/v2\/tags?post=221100"}],"curies":[{"name":"wp","href":"https:\/\/api.w.org\/{rel}","templated":true}]}}