{"id":221106,"date":"2026-01-08T20:35:10","date_gmt":"2026-01-08T20:35:10","guid":{"rendered":"https:\/\/www.europesays.com\/pt\/221106\/"},"modified":"2026-01-08T20:35:10","modified_gmt":"2026-01-08T20:35:10","slug":"sindicato-dos-diretores-dos-eua-anuncia-indicados-a-premiacao-de-2026-veja-lista-g1","status":"publish","type":"post","link":"https:\/\/www.europesays.com\/pt\/221106\/","title":{"rendered":"Sindicato dos Diretores dos EUA anuncia indicados a premia\u00e7\u00e3o de 2026; veja lista &#8211; G1"},"content":{"rendered":"<ol>\n<li><a href=\"https:\/\/news.google.com\/rss\/articles\/CBMi2gFBVV95cUxNWTFDWVk3OWFFYUpaVEh5VGhQUVRFRWpsazJkSHRuYzZPeGNTamJxUEhPdzZpX1gzd0dyQk1TZ1pBdHVRZ3NLcTR5ckZxcHI5QlliNzVoQ09aOUpXNmlfZk9xdzA0dVlYWDd5RklQdnZuX2l0Zl8xZnF3Qm15THVDcHhUd1N5bUFzNFdDOHNDd0N5YlJDS2VZUWNhWEgyTXRoZUc0OG9odUxtekRxV2pDekVOUlRvOHhOMWxjSkRGMGxDM2F5QUZQbEU3T3p0YUxmVlZSbHN0Tk5MUdIB6AFBVV95cUxPaXN2TnpqTktmYVJOdkxCdHNReVJ3YlQyNllPaU84cFJJVkltZklPaXNGaW04ZU0tTkotVzJuZG40RmhPY2xselR6U2VJU2daR1VFUllMTTJmQnpkaVplQXBZSDFTdUdSc0lDbHQ5RTJlNmowMGJ2UF9UWjNmNTQ3VzZhZGpjWW1Xd1VZb3JuN3pJTURZdTB6YTQ1NHJxaWJqNkJJd2tZVEFEOTAzbkJOd2NQSVZaSnpwSXFkbVJ3dmMzVEpZMW1sQ2FJdlVvVGM5XzJHbjJjeENjcFpJM0szMzZBUW5WaW9r?oc=5\" target=\"_blank\" rel=\"nofollow noopener\">Sindicato dos Diretores dos EUA anuncia indicados a premia\u00e7\u00e3o de 2026; veja lista<\/a>&nbsp;&nbsp;G1<\/li>\n<li><a href=\"https:\/\/news.google.com\/rss\/articles\/CBMitgFBVV95cUxOSGNURnJUZnRXOTJFVlBWaFpwOHlTMHpPS3hpaFc0RzA1bTFhNURJeF9qMUNBTzJoSWszbVhTdHZVdEJ5NVVrTzNHWExpZW8yeFFfNnFIZW1OTHBmWkNneVFvZVE4Ry1TTDZoLUw2M1hKNi1zb19YQVE2WHEtM1FjdjdSQ2pTaTh2Y3BVdEUyVko5NGlfNFlmZWM0TVhGbXBkWVg2VnlrWnpJQnpULTVqNjZhOXVXdw?oc=5\" target=\"_blank\" rel=\"nofollow noopener\">Mesmo pr\u00e9-indicado ao Oscar, \u2018O Agente Secreto\u2019 \u00e9 vetado por regra pouco conhecida<\/a>&nbsp;&nbsp;TNH1<\/li>\n<li><a href=\"https:\/\/news.google.com\/rss\/articles\/CBMikgFBVV95cUxQUklIcTlyZ21zcVR2bzk5UHlfdUR2ako5OWZoZkFmc0NOTXFUeXpKTkFiblh4cGVROEVzN2NUWjViNmxEcTNPSHJZRExqWUVFUXFnazJyQUdMWTA2SzR5d2VNeGcwTXV5aWY4ajhqM1c3bUgySnA0cUdROURQVGZMUVR3S0hURzNvRnhUNlB0dzZ1Z9IBlwFBVV95cUxNQWRGYU5vdHRTSnRKbGhPQmhRRExRc2tkM0l0dVkzTkxvM2Fmckd5cEY1aHQzUUdYLVpxdFdMdVZEeE54ZlNvZGU4bktZNVdZbnRUSlFMcjk2RHc2RnRmcXhVRHB4dlRvTUpJUWxubnN2bXp6RjJWTlFWLTgta3ZtR3ZadS1uYjJRTVYybXJPRlRtMnlITnZR?oc=5\" target=\"_blank\" rel=\"nofollow noopener\">O Agente Secreto | Kleber Mendon\u00e7a Filho fica fora do DGA Awards<\/a>&nbsp;&nbsp;Omelete<\/li>\n<li><a href=\"https:\/\/news.google.com\/rss\/articles\/CBMitAFBVV95cUxOMjBmTEl2SndmbU5xcWd6dldrUlNRYm81YlEtNHdxeWpZcDZrbGdNWHYxVlNkN0wtclhRUXJQa1RqZHFfYU4wdVlqN3A2VjRXSERicC1CMFRFV1E4Ymd2ZTVfMXBkSkNRVjkwNGpadDgtVl9LS3FEME1QMllLOWU2d19aTnR3SjB6a05NWi02ai1XV1RKUzZ2VTFnOTVqWDUyQVBJenpZQ0hhd1lJSHNJNnliVmjSAboBQVVfeXFMTjFqRnVyT0MzZ1FCLXU3RkdIYjZRUFNLQ3B6MnM4REVQaFVXaDNYYWVEODFuN0N1VEl2X0d3NHB5ODNiSmpCbVI5bUIzaWJEakpWR0o2NjZkSlFwWUFZVEpEYjdfUFRNZ1RKQjBuQTI4cVE3a2lwWnBPRG04N1d6SlNrVV9pcFZhaEZZLXZPWUFiNU9GamJEOW04aUlQUUNuUFk0cm13OGwtZnZoNEZpYjI4OUI5WW9TSTdR?oc=5\" target=\"_blank\" rel=\"nofollow noopener\">Lista do sindicato dos diretores deixa Kleber Mendon\u00e7a Filho de fora<\/a>&nbsp;&nbsp;Estado de Minas<\/li>\n<li><a href=\"https:\/\/news.google.com\/rss\/articles\/CBMi4AFBVV95cUxOck5OMHcwV2EwQk9UaWQ1R3c4eFFlb21mbTFfdUVtdnJxb2lVUXJmems5bjNRVUVHd0RVR1NzY19EOTNfZnVVZUxZN3k2N2pUNXJqUFFfaVlTcVRveDRmNmJkODA0Uy13UHVIeFdXSEhka0QwSzNZaW1wM0cxWG4wdUROS1dIMVFiSlNhQXpuTFhPLWdUYVZvaWM5RDNOck5OaGlKZmdkZWM0dTl2Ti1tUHZ4bU9uMWx2bWxjQ21iWHh3U2xDUWM1bmJ0WXpsdjVwYVg1YnpRQzVCT1FPSkNtNQ?oc=5\" target=\"_blank\" rel=\"nofollow noopener\">\u2018O Agente Secreto\u2019 e outros filmes premiados est\u00e3o ineleg\u00edveis a pr\u00eamio do sindicato dos roteiristas<\/a>&nbsp;&nbsp;Estad\u00e3o<\/li>\n<\/ol>\n","protected":false},"excerpt":{"rendered":"Sindicato dos Diretores dos EUA anuncia indicados a premia\u00e7\u00e3o de 2026; veja lista&nbsp;&nbsp;G1 Mesmo pr\u00e9-indicado ao Oscar, \u2018O&hellip;\n","protected":false},"author":2,"featured_media":221107,"comment_status":"","ping_status":"","sticky":false,"template":"","format":"standard","meta":{"footnotes":""},"categories":[145],"tags":[211,210,114,115,32,33],"class_list":{"0":"post-221106","1":"post","2":"type-post","3":"status-publish","4":"format-standard","5":"has-post-thumbnail","7":"category-celebridades","8":"tag-celebridades","9":"tag-celebrities","10":"tag-entertainment","11":"tag-entretenimento","12":"tag-portugal","13":"tag-pt"},"share_on_mastodon":{"url":"https:\/\/pubeurope.com\/@pt\/115861397382585467","error":""},"_links":{"self":[{"href":"https:\/\/www.europesays.com\/pt\/wp-json\/wp\/v2\/posts\/221106","targetHints":{"allow":["GET"]}}],"collection":[{"href":"https:\/\/www.europesays.com\/pt\/wp-json\/wp\/v2\/posts"}],"about":[{"href":"https:\/\/www.europesays.com\/pt\/wp-json\/wp\/v2\/types\/post"}],"author":[{"embeddable":true,"href":"https:\/\/www.europesays.com\/pt\/wp-json\/wp\/v2\/users\/2"}],"replies":[{"embeddable":true,"href":"https:\/\/www.europesays.com\/pt\/wp-json\/wp\/v2\/comments?post=221106"}],"version-history":[{"count":0,"href":"https:\/\/www.europesays.com\/pt\/wp-json\/wp\/v2\/posts\/221106\/revisions"}],"wp:featuredmedia":[{"embeddable":true,"href":"https:\/\/www.europesays.com\/pt\/wp-json\/wp\/v2\/media\/221107"}],"wp:attachment":[{"href":"https:\/\/www.europesays.com\/pt\/wp-json\/wp\/v2\/media?parent=221106"}],"wp:term":[{"taxonomy":"category","embeddable":true,"href":"https:\/\/www.europesays.com\/pt\/wp-json\/wp\/v2\/categories?post=221106"},{"taxonomy":"post_tag","embeddable":true,"href":"https:\/\/www.europesays.com\/pt\/wp-json\/wp\/v2\/tags?post=221106"}],"curies":[{"name":"wp","href":"https:\/\/api.w.org\/{rel}","templated":true}]}}