{"id":221110,"date":"2026-01-08T20:40:07","date_gmt":"2026-01-08T20:40:07","guid":{"rendered":"https:\/\/www.europesays.com\/pt\/221110\/"},"modified":"2026-01-08T20:40:07","modified_gmt":"2026-01-08T20:40:07","slug":"tom-cruise-filmou-cena-em-star-wars-starfighter","status":"publish","type":"post","link":"https:\/\/www.europesays.com\/pt\/221110\/","title":{"rendered":"Tom Cruise filmou cena em Star Wars: Starfighter"},"content":{"rendered":"<p>O ano de 2026 come\u00e7ou h\u00e1 poucos dias, mas j\u00e1 temos diversos acontecimentos inesperados, que dificilmente surgiriam no cart\u00e3o de bingo da maioria, entre eles o envolvimento de Tom Cruise no pr\u00f3ximo filme Star Wars.<\/p>\n<p>O realizador Shawn Levy revelou ao New York Times que n\u00e3o conseguiu deixar de ficar maravilhado ao ver Tom Cruise com a c\u00e2mara na m\u00e3o, a filmar uma cena de Star Wars: Starfighter, um duelo com sabres de luz que ficar\u00e1 marcado para a hist\u00f3ria da s\u00e9rie.<\/p>\n<p><a href=\"https:\/\/www.nytimes.com\/2026\/01\/08\/movies\/shawn-levy-star-wars-stranger-things.html\" rel=\"nofollow noopener\" target=\"_blank\">Levy contou que<\/a>, em novembro de 2025, Cruise foi visitar o local das filmagens de Star Wars: Starfighter, com o intuito de meramente assistir aos trabalhos, mas deu por si a trabalhar numa das cenas do filme juntamente com o realizador do filme, que na verdade convidou-o a pegar na c\u00e2mara.<\/p>\n<p>Levy diz que fez o convite a Cruise como uma piada, mas Cruise aceitou o desafio e saltou de imediato para a lama com a c\u00e2mara na m\u00e3o, a filmar a cena com todo o profissionalismo, sem tratar o momento como uma brincadeira.<\/p>\n<p>\u201cAgora, quando fores ver o filme, saber\u00e1s que parte dele foi filmado pelo Tom. Quer dizer, o qu\u00e3o espetacular \u00e9 isso?\u201d<\/p>\n","protected":false},"excerpt":{"rendered":"O ano de 2026 come\u00e7ou h\u00e1 poucos dias, mas j\u00e1 temos diversos acontecimentos inesperados, que dificilmente surgiriam no&hellip;\n","protected":false},"author":2,"featured_media":221111,"comment_status":"","ping_status":"","sticky":false,"template":"","format":"standard","meta":{"footnotes":""},"categories":[140],"tags":[114,115,147,148,146,32,33],"class_list":{"0":"post-221110","1":"post","2":"type-post","3":"status-publish","4":"format-standard","5":"has-post-thumbnail","7":"category-filmes","8":"tag-entertainment","9":"tag-entretenimento","10":"tag-film","11":"tag-filmes","12":"tag-movies","13":"tag-portugal","14":"tag-pt"},"share_on_mastodon":{"url":"https:\/\/pubeurope.com\/@pt\/115861417386968632","error":""},"_links":{"self":[{"href":"https:\/\/www.europesays.com\/pt\/wp-json\/wp\/v2\/posts\/221110","targetHints":{"allow":["GET"]}}],"collection":[{"href":"https:\/\/www.europesays.com\/pt\/wp-json\/wp\/v2\/posts"}],"about":[{"href":"https:\/\/www.europesays.com\/pt\/wp-json\/wp\/v2\/types\/post"}],"author":[{"embeddable":true,"href":"https:\/\/www.europesays.com\/pt\/wp-json\/wp\/v2\/users\/2"}],"replies":[{"embeddable":true,"href":"https:\/\/www.europesays.com\/pt\/wp-json\/wp\/v2\/comments?post=221110"}],"version-history":[{"count":0,"href":"https:\/\/www.europesays.com\/pt\/wp-json\/wp\/v2\/posts\/221110\/revisions"}],"wp:featuredmedia":[{"embeddable":true,"href":"https:\/\/www.europesays.com\/pt\/wp-json\/wp\/v2\/media\/221111"}],"wp:attachment":[{"href":"https:\/\/www.europesays.com\/pt\/wp-json\/wp\/v2\/media?parent=221110"}],"wp:term":[{"taxonomy":"category","embeddable":true,"href":"https:\/\/www.europesays.com\/pt\/wp-json\/wp\/v2\/categories?post=221110"},{"taxonomy":"post_tag","embeddable":true,"href":"https:\/\/www.europesays.com\/pt\/wp-json\/wp\/v2\/tags?post=221110"}],"curies":[{"name":"wp","href":"https:\/\/api.w.org\/{rel}","templated":true}]}}