{"id":221112,"date":"2026-01-08T20:41:08","date_gmt":"2026-01-08T20:41:08","guid":{"rendered":"https:\/\/www.europesays.com\/pt\/221112\/"},"modified":"2026-01-08T20:41:08","modified_gmt":"2026-01-08T20:41:08","slug":"quem-e-o-miudo-nascido-no-barreiro-que-esta-a-tentar-salvar-o-wolves","status":"publish","type":"post","link":"https:\/\/www.europesays.com\/pt\/221112\/","title":{"rendered":"Quem \u00e9 o mi\u00fado nascido no Barreiro que est\u00e1 a tentar salvar o Wolves?"},"content":{"rendered":"<p>A primeira metade da \u00e9poca do <a class=\"autolink-enabled\" data-resource-id=\"109\" data-resource-type=\"team\" data-sport=\"football\" href=\"https:\/\/www.abola.pt\/futebol\/wolverhampton-109\" rel=\"nofollow noopener\" target=\"_blank\">Wolverhampton<\/a> foi pintada a negro, fruto de 17 derrotas em 22 jogos disputados at\u00e9 ao final do ano civil, 16 das quais averbadas na <a class=\"autolink-enabled\" data-resource-id=\"3\" data-resource-type=\"competition\" data-sport=\"football\" href=\"https:\/\/www.abola.pt\/futebol\/competicao\/premier-league-3\" rel=\"nofollow noopener\" target=\"_blank\">Premier League<\/a>. A conclus\u00e3o da primeira volta sem qualquer vit\u00f3ria antecipava o pior registo pontual de sempre da prova, cen\u00e1rio ainda em cima da mesa, mas suavizado por um mi\u00fado de 18 anos chamado Mateus Man\u00e9.<\/p>\n<p>Mateus Man\u00e9 nasceu a 16 de setembro de 2007, no Barreiro. Filho de pais oriundos da <a class=\"autolink-enabled\" data-resource-id=\"1303\" data-resource-type=\"team\" data-sport=\"football\" href=\"https:\/\/www.abola.pt\/futebol\/guine-bissau-1303\" rel=\"nofollow noopener\" target=\"_blank\">Guin\u00e9-Bissau<\/a>, come\u00e7ou a dar os primeiros passos no futebol no <a class=\"autolink-enabled\" data-resource-id=\"cf9edcc3-7ad5-47b3-9bde-edbf0fba603a\" data-resource-type=\"team\" data-sport=\"basketball\" href=\"https:\/\/www.abola.pt\/basquetebol\/barreirense-6Jm0k4kwmaBKVqYXeksL62\" rel=\"nofollow noopener\" target=\"_blank\">Barreirense<\/a>, entre 2014 e 2016. <\/p>\n<p>O ano da conquista do Campeonato da Europa por parte de Portugal marca tamb\u00e9m a sa\u00edda de Portugal da fam\u00edlia de Man\u00e9 rumo \u00e0 zona de Manchester. Ap\u00f3s uma breve experi\u00eancia no <a class=\"autolink-enabled\" data-resource-id=\"104\" data-resource-type=\"team\" data-sport=\"football\" href=\"https:\/\/www.abola.pt\/futebol\/manchester-city-104\" rel=\"nofollow noopener\" target=\"_blank\">Manchester City<\/a>, o jovem atleta ingressou no Rochdale, clube que representou at\u00e9 o <a class=\"autolink-enabled\" data-resource-id=\"109\" data-resource-type=\"team\" data-sport=\"football\" href=\"https:\/\/www.abola.pt\/futebol\/wolverhampton-109\" rel=\"nofollow noopener\" target=\"_blank\">Wolverhampton<\/a> aparecer, em janeiro de 2024.<\/p>\n<p>Mateus Man\u00e9 rumou aos lobos com 16 anos, sem nunca ter representado a equipa principal do modesto Rochdale, que milita atualmente na quinta divis\u00e3o inglesa. As boas exibi\u00e7\u00f5es no <a class=\"autolink-enabled\" data-resource-id=\"109\" data-resource-type=\"team\" data-sport=\"football\" href=\"https:\/\/www.abola.pt\/futebol\/wolverhampton-109\" rel=\"nofollow noopener\" target=\"_blank\">Wolverhampton<\/a> captaram a aten\u00e7\u00e3o da Federa\u00e7\u00e3o Inglesa de Futebol, que lhe proporcionou a estreia nos sub-18, em setembro, mas tamb\u00e9m da FPF.<\/p>\n<p>O interesse portugu\u00eas e ingl\u00eas precipitou uma situa\u00e7\u00e3o inesperada, em outubro de 2024: Man\u00e9 foi simultaneamente convocado para os sub-18 das duas sele\u00e7\u00f5es, tendo continuado ao servi\u00e7o dos tr\u00eas le\u00f5es. O caminho do m\u00e9dio, ainda assim, continuou a cruzar-se com atores lusos.<\/p>\n<p>Foi V\u00edtor Pereira que lan\u00e7ou Mateus Man\u00e9 pela primeira vez na equipa principal, na rece\u00e7\u00e3o ao <a target=\"_blank\" class=\"editor-link autolink-enabled\" href=\"https:\/\/www.abola.pt\/futebol\/brighton-134\" data-resource-id=\"134\" data-resource-type=\"team\" data-sport=\"football\" rel=\"nofollow noopener\">Brighton<\/a>, na 36.\u00aa jornada da <a target=\"_blank\" class=\"editor-link autolink-enabled\" href=\"https:\/\/www.abola.pt\/futebol\/competicao\/premier-league-3\" data-resource-id=\"3\" data-resource-type=\"competition\" data-sport=\"football\" rel=\"nofollow noopener\">Premier League<\/a>, a 10 de maio de 2025. Aos 17 anos, o centrocampista tornou-se no jogador mais jovem de sempre do clube na prova e foi muito elogiado pelo treinador luso: \u00abTenho a certeza que ser\u00e1 uma surpresa em <a target=\"_blank\" class=\"editor-link autolink-enabled\" href=\"https:\/\/www.abola.pt\/futebol\/competicao\/taca-de-inglaterra-75\" data-resource-id=\"75\" data-resource-type=\"competition\" data-sport=\"football\" rel=\"nofollow noopener\">Inglaterra<\/a>. N\u00e3o \u00e9 s\u00f3 um talento, um trabalhador. Coloquei-o em jogo porque \u00e9 especial.\u00bb<\/p>\n<p>V\u00edtor Pereira previu a integra\u00e7\u00e3o total de Man\u00e9 na primeira equipa, mas foi Rob Edwards quem a concretizou. O substituto do t\u00e9cnico luso promoveu o m\u00e9dio a tempo inteiro e apostou nele em dez das \u00faltimas jornadas. A primeira titularidade chegou a 27 de dezembro, logo contra o <a target=\"_blank\" class=\"editor-link autolink-enabled\" href=\"https:\/\/www.abola.pt\/futebol\/liverpool-92\" data-resource-id=\"92\" data-resource-type=\"team\" data-sport=\"football\" rel=\"nofollow noopener\">Liverpool<\/a> em Anfield, mas o luso-guineense respondeu com maturidade e talento.<\/p>\n<p>Duas jornadas depois, Man\u00e9 estreou-se a marcar e tornou-se no goleador mais jovem da hist\u00f3ria do clube, \u00e0s custas de Nuno Esp\u00edrito Santo, a 3 de janeiro. O m\u00e9dio participou no primeiro golo marcado pelos lobos, sofreu o pen\u00e1lti que deu origem ao segundo e foi o autor do terceiro na primeira vit\u00f3ria da equipa na presente edi\u00e7\u00e3o da <a target=\"_blank\" class=\"editor-link autolink-enabled\" href=\"https:\/\/www.abola.pt\/futebol\/competicao\/premier-league-3\" data-resource-id=\"3\" data-resource-type=\"competition\" data-sport=\"football\" rel=\"nofollow noopener\">Premier League<\/a> (3-0).<\/p>\n<p>Depois de brilhar na estreia caseira, Man\u00e9 repetiu a dose em casa do <a class=\"autolink-enabled\" data-resource-id=\"96\" data-resource-type=\"team\" data-sport=\"football\" href=\"https:\/\/www.abola.pt\/futebol\/everton-96\" rel=\"nofollow noopener\" target=\"_blank\">Everton<\/a>, na quarta-feira. O m\u00e9dio-centro aventurou-se no \u00faltimo ter\u00e7o do advers\u00e1rio, leu na perfei\u00e7\u00e3o o espa\u00e7o existente entre setores advers\u00e1rios e aproveitou para voltar a marcar.<\/p>\n<p>O <a class=\"autolink-enabled\" data-resource-id=\"109\" data-resource-type=\"team\" data-sport=\"football\" href=\"https:\/\/www.abola.pt\/futebol\/wolverhampton-109\" rel=\"nofollow noopener\" target=\"_blank\">Wolverhampton<\/a> perdeu apenas um jogo desde que Man\u00e9 assumiu a titularidade e se tornou num \u00abl\u00edder\u00bb, de acordo com Rob Edwards, de uma equipa que parecia condenada \u00e0 descida de divis\u00e3o com contornos humilhantes. A luz ao fundo do t\u00fanel dos lobos est\u00e1 a ser segurada por um m\u00e9dio com liga\u00e7\u00f5es muito fortes a Portugal.<\/p>\n","protected":false},"excerpt":{"rendered":"A primeira metade da \u00e9poca do Wolverhampton foi pintada a negro, fruto de 17 derrotas em 22 jogos&hellip;\n","protected":false},"author":2,"featured_media":213730,"comment_status":"","ping_status":"","sticky":false,"template":"","format":"standard","meta":{"footnotes":""},"categories":[87],"tags":[135,32,33,134],"class_list":{"0":"post-221112","1":"post","2":"type-post","3":"status-publish","4":"format-standard","5":"has-post-thumbnail","7":"category-desporto","8":"tag-desporto","9":"tag-portugal","10":"tag-pt","11":"tag-sports"},"share_on_mastodon":{"url":"https:\/\/pubeurope.com\/@pt\/115861420958487199","error":""},"_links":{"self":[{"href":"https:\/\/www.europesays.com\/pt\/wp-json\/wp\/v2\/posts\/221112","targetHints":{"allow":["GET"]}}],"collection":[{"href":"https:\/\/www.europesays.com\/pt\/wp-json\/wp\/v2\/posts"}],"about":[{"href":"https:\/\/www.europesays.com\/pt\/wp-json\/wp\/v2\/types\/post"}],"author":[{"embeddable":true,"href":"https:\/\/www.europesays.com\/pt\/wp-json\/wp\/v2\/users\/2"}],"replies":[{"embeddable":true,"href":"https:\/\/www.europesays.com\/pt\/wp-json\/wp\/v2\/comments?post=221112"}],"version-history":[{"count":0,"href":"https:\/\/www.europesays.com\/pt\/wp-json\/wp\/v2\/posts\/221112\/revisions"}],"wp:featuredmedia":[{"embeddable":true,"href":"https:\/\/www.europesays.com\/pt\/wp-json\/wp\/v2\/media\/213730"}],"wp:attachment":[{"href":"https:\/\/www.europesays.com\/pt\/wp-json\/wp\/v2\/media?parent=221112"}],"wp:term":[{"taxonomy":"category","embeddable":true,"href":"https:\/\/www.europesays.com\/pt\/wp-json\/wp\/v2\/categories?post=221112"},{"taxonomy":"post_tag","embeddable":true,"href":"https:\/\/www.europesays.com\/pt\/wp-json\/wp\/v2\/tags?post=221112"}],"curies":[{"name":"wp","href":"https:\/\/api.w.org\/{rel}","templated":true}]}}