{"id":221113,"date":"2026-01-08T20:42:09","date_gmt":"2026-01-08T20:42:09","guid":{"rendered":"https:\/\/www.europesays.com\/pt\/221113\/"},"modified":"2026-01-08T20:42:09","modified_gmt":"2026-01-08T20:42:09","slug":"camara-tecnica-de-acupuntura-discute-impactos-da-legislacao-e-reforca-papel-do-especialista","status":"publish","type":"post","link":"https:\/\/www.europesays.com\/pt\/221113\/","title":{"rendered":"C\u00e2mara T\u00e9cnica de Acupuntura discute impactos da legisla\u00e7\u00e3o e refor\u00e7a papel do especialista"},"content":{"rendered":"<p style=\"text-align: left;\"><img fetchpriority=\"high\" decoding=\"async\" class=\"size-medium wp-image-138765 alignleft\" src=\"https:\/\/www.europesays.com\/pt\/wp-content\/uploads\/2026\/01\/Design-sem-nome-18-300x169.jpg\" alt=\"\" width=\"300\" height=\"169\"  \/>Na tarde desta ter\u00e7a-feira (7), integrantes da C\u00e2mara T\u00e9cnica (CT) de Acupuntura do Conselho Federal de Medicina (CFM) se reuniram para debater a tramita\u00e7\u00e3o do Projeto de Lei n\u00ba 5.983\/2019, que trata da regulamenta\u00e7\u00e3o da acupuntura no pa\u00eds, e avaliar poss\u00edveis impactos para a pr\u00e1tica m\u00e9dica, a forma\u00e7\u00e3o profissional e a seguran\u00e7a do paciente.<\/p>\n<p>Os integrantes da C\u00e2mara T\u00e9cnica refor\u00e7aram que o diagn\u00f3stico m\u00e9dico \u00e9 indispens\u00e1vel antes da indica\u00e7\u00e3o da acupuntura. Avalia\u00e7\u00e3o cl\u00ednica, exame f\u00edsico e, quando necess\u00e1rio, exames complementares, permitem identificar a origem dos sintomas e evitam que doen\u00e7as mais graves sejam negligenciadas.<\/p>\n<p>O CFM, por meio da C\u00e2mara T\u00e9cnica de Acupuntura, seguir\u00e1 acompanhando o debate legislativo e articular\u00e1 a\u00e7\u00f5es no \u00e2mbito t\u00e9cnico e jur\u00eddico para assegurar que a acupuntura permane\u00e7a inserida no campo da medicina, com base cient\u00edfica e foco na seguran\u00e7a do paciente.<\/p>\n<p>Para o conselheiro federal e coordenador da C\u00e2mara T\u00e9cnica, Carlos Magno Pretti Dalapicola, o momento exige aten\u00e7\u00e3o. \u201cA acupuntura, quando integrada ao racioc\u00ednio cl\u00ednico do m\u00e9dico, garante avalia\u00e7\u00e3o adequada, diagn\u00f3stico diferencial e conduta segura para o paciente\u201d, afirmou.<\/p>\n<p><strong>Forma\u00e7\u00e3o e regulamenta\u00e7\u00e3o \u2013<\/strong> O grupo discutiu ainda o cen\u00e1rio de forma\u00e7\u00e3o em acupuntura e manifestou preocupa\u00e7\u00e3o com cursos sem regulamenta\u00e7\u00e3o adequada. Para os participantes, a aus\u00eancia de respaldo cl\u00ednico e de acompanhamento m\u00e9dico pode trazer riscos assistenciais ao paciente.<\/p>\n<p><strong>Comunica\u00e7\u00e3o e esclarecimento \u2013<\/strong> A C\u00e2mara T\u00e9cnica avaliou estrat\u00e9gias para ampliar o esclarecimento da popula\u00e7\u00e3o sobre a acupuntura m\u00e9dica, destacando a import\u00e2ncia de diferencia-la de outras pr\u00e1ticas e orientar os pacientes a buscarem profissionais habilitados.<\/p>\n<p><strong>II Webinar de Acupuntura \u2013<\/strong> Os membros da CT tamb\u00e9m avan\u00e7aram na defini\u00e7\u00e3o da programa\u00e7\u00e3o do II Webinar de Acupuntura do CFM, que dever\u00e1 reunir representantes de operadoras de sa\u00fade, seguradoras, entidades m\u00e9dicas e governo para discutir o cen\u00e1rio atual da acupuntura no Brasil. O evento contar\u00e1 com exposi\u00e7\u00f5es t\u00e9cnicas, posicionamentos institucionais e espa\u00e7o para debate.<\/p>\n<p>Tamb\u00e9m participaram da reuni\u00e3o os conselheiros federais Domingos S\u00e1vio Matos Dantas, Emmanuel Fortes e Jos\u00e9 Hiran Gallo, al\u00e9m de convidados e representantes de \u00e1reas t\u00e9cnicas.<\/p>\n","protected":false},"excerpt":{"rendered":"Na tarde desta ter\u00e7a-feira (7), integrantes da C\u00e2mara T\u00e9cnica (CT) de Acupuntura do Conselho Federal de Medicina (CFM)&hellip;\n","protected":false},"author":2,"featured_media":221114,"comment_status":"","ping_status":"","sticky":false,"template":"","format":"standard","meta":{"footnotes":""},"categories":[86],"tags":[116,32,33,117],"class_list":{"0":"post-221113","1":"post","2":"type-post","3":"status-publish","4":"format-standard","5":"has-post-thumbnail","7":"category-saude","8":"tag-health","9":"tag-portugal","10":"tag-pt","11":"tag-saude"},"share_on_mastodon":{"url":"https:\/\/pubeurope.com\/@pt\/115861424903929720","error":""},"_links":{"self":[{"href":"https:\/\/www.europesays.com\/pt\/wp-json\/wp\/v2\/posts\/221113","targetHints":{"allow":["GET"]}}],"collection":[{"href":"https:\/\/www.europesays.com\/pt\/wp-json\/wp\/v2\/posts"}],"about":[{"href":"https:\/\/www.europesays.com\/pt\/wp-json\/wp\/v2\/types\/post"}],"author":[{"embeddable":true,"href":"https:\/\/www.europesays.com\/pt\/wp-json\/wp\/v2\/users\/2"}],"replies":[{"embeddable":true,"href":"https:\/\/www.europesays.com\/pt\/wp-json\/wp\/v2\/comments?post=221113"}],"version-history":[{"count":0,"href":"https:\/\/www.europesays.com\/pt\/wp-json\/wp\/v2\/posts\/221113\/revisions"}],"wp:featuredmedia":[{"embeddable":true,"href":"https:\/\/www.europesays.com\/pt\/wp-json\/wp\/v2\/media\/221114"}],"wp:attachment":[{"href":"https:\/\/www.europesays.com\/pt\/wp-json\/wp\/v2\/media?parent=221113"}],"wp:term":[{"taxonomy":"category","embeddable":true,"href":"https:\/\/www.europesays.com\/pt\/wp-json\/wp\/v2\/categories?post=221113"},{"taxonomy":"post_tag","embeddable":true,"href":"https:\/\/www.europesays.com\/pt\/wp-json\/wp\/v2\/tags?post=221113"}],"curies":[{"name":"wp","href":"https:\/\/api.w.org\/{rel}","templated":true}]}}