{"id":221115,"date":"2026-01-08T20:44:41","date_gmt":"2026-01-08T20:44:41","guid":{"rendered":"https:\/\/www.europesays.com\/pt\/221115\/"},"modified":"2026-01-08T20:44:41","modified_gmt":"2026-01-08T20:44:41","slug":"ps2-era-tao-potente-que-o-exercito-ficou-preocupado-diz-dev-da-square","status":"publish","type":"post","link":"https:\/\/www.europesays.com\/pt\/221115\/","title":{"rendered":"PS2 era t\u00e3o potente que o ex\u00e9rcito ficou preocupado, diz dev da Square"},"content":{"rendered":"<p>  <img decoding=\"async\" src=\"https:\/\/cdn.ome.lt\/static\/omelete\/img\/loading.svg\" alt=\"\"\/><\/p>\n<p>  <img decoding=\"async\" class=\"article__cover__image\" data-lazy-src-mob=\"\/\/cdn.ome.lt\/rdsWlSSxXNGFscVYby4mpcI4tsI=\/570x0\/smart\/filters:format(webp)\/uploads\/conteudo\/fotos\/ff-ix_7geu.1280.webp\" data-lazy-src=\"https:\/\/cdn.ome.lt\/6-BBrY1I5iMhp5MrGefzbbDl3kw=\/987x0\/smart\/filters:format(webp)\/uploads\/conteudo\/fotos\/ff-ix_7geu.1280.webp\" src=\"data:image\/png;base64,iVBORw0KGgoAAAANSUhEUgAAAAEAAAABCAQAAAC1HAwCAAAAC0lEQVR42mNkYAAAAAYAAjCB0C8AAAAASUVORK5CYII=\" alt=\"Final Fantasy 9\" title=\"Final Fantasy 9\" width=\"987\" height=\"555\" fetchpriority=\"high\"\/><\/p>\n<p class=\"article__cover__credits\">\n  Cr\u00e9ditos da imagem:<br \/>\n  Reprodu\u00e7\u00e3o\n<\/p>\n<p>Em entrevista para a\u00a0<a href=\"https:\/\/www.famitsu.com\/article\/202512\/61817\" rel=\"nofollow noopener\" target=\"_blank\">Famitsu<\/a>,\u00a0o designer de eventos de\u00a0<strong>Final Fantasy 9<\/strong>,\u00a0<strong>Kazuhiko Aoki<\/strong>, revelou que foi dif\u00edcil conseguir um\u00a0<strong>PlayStation 2\u00a0<\/strong>para testar o jogo por um motivo bizarro: a CPU do console era t\u00e3o poderosa, que alertou ao ex\u00e9rcito.\u00a0<\/p>\n<p>O jogo estava sendo desenvolvido por uma equipe no Hava\u00ed, e informa\u00e7\u00f5es eram trocadas constantemente com o escrit\u00f3rio principal da Square no Jap\u00e3o. Por ser o final dos anos 90, houve muitas trocas de correspond\u00eancias entre as equipes.<\/p>\n<p>            Continua depois da Publicidade<\/p>\n<p> &#8220;Perto do final da minha estadia no Hava\u00ed, surgiu a ideia de me enviarem algum tipo de equipamento de teste para PS2, para que eu pudesse verificar se o FF9 rodaria no console&#8221;, lembra Aoki. &#8220;Mas, naquela \u00e9poca, o processador do PS2 era t\u00e3o poderoso que havia a possibilidade de ser usado para fins militares, ent\u00e3o as exporta\u00e7\u00f5es foram restringidas.&#8221; <\/p>\n<p>Embora Aoki n\u00e3o explique se os militares tomaram alguma decis\u00e3o com base no poder extremo do PS2, parece que ele conseguiu importar um para os EUA bem a tempo. &#8220;Levou bastante tempo para chegar at\u00e9 n\u00f3s&#8221;, diz ele. &#8220;Foi uma situa\u00e7\u00e3o muito dif\u00edcil.&#8221;<\/p>\n<p>Para a \u00e9poca, como o PlayStation realmente foi um salto gr\u00e1fico e de desempenho, d\u00e1 para entender a preocupa\u00e7\u00e3o com o uso do chip para outros meios caso conseguisse ser adaptado. <\/p>\n","protected":false},"excerpt":{"rendered":"Cr\u00e9ditos da imagem: Reprodu\u00e7\u00e3o Em entrevista para a\u00a0Famitsu,\u00a0o designer de eventos de\u00a0Final Fantasy 9,\u00a0Kazuhiko Aoki, revelou que foi&hellip;\n","protected":false},"author":2,"featured_media":221116,"comment_status":"","ping_status":"","sticky":false,"template":"","format":"standard","meta":{"footnotes":""},"categories":[84],"tags":[109,107,108,32,33,105,103,104,106,110],"class_list":{"0":"post-221115","1":"post","2":"type-post","3":"status-publish","4":"format-standard","5":"has-post-thumbnail","7":"category-ciencia-e-tecnologia","8":"tag-ciencia","9":"tag-ciencia-e-tecnologia","10":"tag-cienciaetecnologia","11":"tag-portugal","12":"tag-pt","13":"tag-science","14":"tag-science-and-technology","15":"tag-scienceandtechnology","16":"tag-technology","17":"tag-tecnologia"},"share_on_mastodon":{"url":"https:\/\/pubeurope.com\/@pt\/115861432787630236","error":""},"_links":{"self":[{"href":"https:\/\/www.europesays.com\/pt\/wp-json\/wp\/v2\/posts\/221115","targetHints":{"allow":["GET"]}}],"collection":[{"href":"https:\/\/www.europesays.com\/pt\/wp-json\/wp\/v2\/posts"}],"about":[{"href":"https:\/\/www.europesays.com\/pt\/wp-json\/wp\/v2\/types\/post"}],"author":[{"embeddable":true,"href":"https:\/\/www.europesays.com\/pt\/wp-json\/wp\/v2\/users\/2"}],"replies":[{"embeddable":true,"href":"https:\/\/www.europesays.com\/pt\/wp-json\/wp\/v2\/comments?post=221115"}],"version-history":[{"count":0,"href":"https:\/\/www.europesays.com\/pt\/wp-json\/wp\/v2\/posts\/221115\/revisions"}],"wp:featuredmedia":[{"embeddable":true,"href":"https:\/\/www.europesays.com\/pt\/wp-json\/wp\/v2\/media\/221116"}],"wp:attachment":[{"href":"https:\/\/www.europesays.com\/pt\/wp-json\/wp\/v2\/media?parent=221115"}],"wp:term":[{"taxonomy":"category","embeddable":true,"href":"https:\/\/www.europesays.com\/pt\/wp-json\/wp\/v2\/categories?post=221115"},{"taxonomy":"post_tag","embeddable":true,"href":"https:\/\/www.europesays.com\/pt\/wp-json\/wp\/v2\/tags?post=221115"}],"curies":[{"name":"wp","href":"https:\/\/api.w.org\/{rel}","templated":true}]}}