{"id":221117,"date":"2026-01-08T20:45:18","date_gmt":"2026-01-08T20:45:18","guid":{"rendered":"https:\/\/www.europesays.com\/pt\/221117\/"},"modified":"2026-01-08T20:45:18","modified_gmt":"2026-01-08T20:45:18","slug":"aeroporto-de-lisboa-com-nova-area-de-embarque-no-terminal-2","status":"publish","type":"post","link":"https:\/\/www.europesays.com\/pt\/221117\/","title":{"rendered":"Aeroporto de Lisboa com nova \u00e1rea de embarque no Terminal 2"},"content":{"rendered":"<p>Foram inauguradas esta ter\u00e7a-feira, 7 de janeiro, as novas obras no Terminal 2 do Aeroporto de Lisboa. De acordo com a ANA Aeroportos, <strong>o terminal conta agora com quatro novas portas, sete portas renovadas e mais espa\u00e7o.<\/strong><\/p>\n<p>A \u00e1rea de embarque foi ampliada com \u201cmais espa\u00e7o, luz natural, mais lugares sentados e pontos de carregamento para dispositivos eletr\u00f3nicos\u201d. No ver\u00e3o, <strong>\u00e9 comum que nesta zona de embarque n\u00e3o existam lugares para todos os passageiros esperarem sentados os voos<\/strong>, sabe o DN. Foi ainda <strong>adicionada uma maior oferta de restaura\u00e7\u00e3o e com\u00e9rcio<\/strong>, complementa a concession\u00e1ria.<\/p>\n<p>Houve tamb\u00e9m investimento tecnol\u00f3gico, com a implementa\u00e7\u00e3o da tecnologia Biometrics by VINCI Airports em todas as portas. Assim, <strong>os embarques podem ser mais r\u00e1pidos e sem utiliza\u00e7\u00e3o de papel.<\/strong><\/p>\n<p>\u201cA conclus\u00e3o desta fase de moderniza\u00e7\u00e3o do Terminal 2 demonstra o empenho das nossas equipas, <strong>que t\u00eam sabido planear e executar interven\u00e7\u00f5es complexas num aeroporto em plena opera\u00e7\u00e3o<\/strong>\u201d, disse Thierry Ligonni\u00e8re, CEO da ANA | VINCI Airports, citado em comunicado. O investimento foi de 12 milh\u00f5es de euros.<\/p>\n<p>\u201cEste investimento refor\u00e7a a capacidade do Aeroporto de Lisboa para <strong>acolher os passageiros com mais conforto e efici\u00eancia, melhorando a experi\u00eancia de viagem dos portugueses e de quem nos visita<\/strong>\u201d, complementou o CEO. O Terminal 2 \u00e9 ocupado, em sua maioria, pelas chamadas companhias low cost. Algumas das empresas que operam no terminal s\u00e3o a Ryanair, Vueling e Wizz Air, que atuam em viagens dentro da Europa.<\/p>\n<p>\u201cEste aeroporto tem de funcionar\u201d <\/p>\n","protected":false},"excerpt":{"rendered":"Foram inauguradas esta ter\u00e7a-feira, 7 de janeiro, as novas obras no Terminal 2 do Aeroporto de Lisboa. De&hellip;\n","protected":false},"author":2,"featured_media":221118,"comment_status":"","ping_status":"","sticky":false,"template":"","format":"standard","meta":{"footnotes":""},"categories":[83],"tags":[1811,88,89,90,28683,3554,32,33],"class_list":{"0":"post-221117","1":"post","2":"type-post","3":"status-publish","4":"format-standard","5":"has-post-thumbnail","7":"category-empresas","8":"tag-aeroporto-de-lisboa","9":"tag-business","10":"tag-economy","11":"tag-empresas","12":"tag-novo-aeroporto-de-lisboa","13":"tag-obras","14":"tag-portugal","15":"tag-pt"},"share_on_mastodon":{"url":"https:\/\/pubeurope.com\/@pt\/115861436681826609","error":""},"_links":{"self":[{"href":"https:\/\/www.europesays.com\/pt\/wp-json\/wp\/v2\/posts\/221117","targetHints":{"allow":["GET"]}}],"collection":[{"href":"https:\/\/www.europesays.com\/pt\/wp-json\/wp\/v2\/posts"}],"about":[{"href":"https:\/\/www.europesays.com\/pt\/wp-json\/wp\/v2\/types\/post"}],"author":[{"embeddable":true,"href":"https:\/\/www.europesays.com\/pt\/wp-json\/wp\/v2\/users\/2"}],"replies":[{"embeddable":true,"href":"https:\/\/www.europesays.com\/pt\/wp-json\/wp\/v2\/comments?post=221117"}],"version-history":[{"count":0,"href":"https:\/\/www.europesays.com\/pt\/wp-json\/wp\/v2\/posts\/221117\/revisions"}],"wp:featuredmedia":[{"embeddable":true,"href":"https:\/\/www.europesays.com\/pt\/wp-json\/wp\/v2\/media\/221118"}],"wp:attachment":[{"href":"https:\/\/www.europesays.com\/pt\/wp-json\/wp\/v2\/media?parent=221117"}],"wp:term":[{"taxonomy":"category","embeddable":true,"href":"https:\/\/www.europesays.com\/pt\/wp-json\/wp\/v2\/categories?post=221117"},{"taxonomy":"post_tag","embeddable":true,"href":"https:\/\/www.europesays.com\/pt\/wp-json\/wp\/v2\/tags?post=221117"}],"curies":[{"name":"wp","href":"https:\/\/api.w.org\/{rel}","templated":true}]}}