{"id":221123,"date":"2026-01-08T20:49:11","date_gmt":"2026-01-08T20:49:11","guid":{"rendered":"https:\/\/www.europesays.com\/pt\/221123\/"},"modified":"2026-01-08T20:49:11","modified_gmt":"2026-01-08T20:49:11","slug":"veja-o-preco-do-look-de-bruna-marquezine-com-shawn-mendes-e-inspire-seu-visual","status":"publish","type":"post","link":"https:\/\/www.europesays.com\/pt\/221123\/","title":{"rendered":"Veja o pre\u00e7o do look de Bruna Marquezine com Shawn Mendes e inspire seu visual"},"content":{"rendered":"\n<p class=\" content-text__container theme-color-primary-first-letter\" data-track-category=\"Link no Texto\" data-track-links=\"\"> Depois de come\u00e7arem o ano juntos em S\u00e3o Miguel dos Milagres, em Alagoas,<strong> Bruna Marquezine<\/strong> e <strong>Shawn Mendes<\/strong> voltaram a ser flagrados, agora em Los Angeles, refor\u00e7ando n\u00e3o s\u00f3 o clima de romance, mas tamb\u00e9m uma sintonia est\u00e9tica que conversa diretamente com a moda contempor\u00e2nea. Longe de produ\u00e7\u00f5es elaboradas, a atriz apostou em um visual casual cuidadosamente pensado, daqueles que traduzem o esp\u00edrito do luxo discreto e do estilo sem esfor\u00e7o, duas das principais dire\u00e7\u00f5es do street style atual. <\/p>\n<ul class=\"content-unordered-list\">\n<li><strong>Saiba: <\/strong><a class=\"\" href=\"https:\/\/oglobo.globo.com\/ela\/noticia\/2026\/01\/08\/bruna-marquezine-sofre-comentario-transfobico-na-web-apos-flagra-com-shawn-mendes.ghtml\" rel=\"nofollow noopener\" target=\"_blank\"><strong>Bruna Marquezine sofre coment\u00e1rio transf\u00f3bico na web ap\u00f3s flagra com Shawn Mendes<\/strong><\/a><\/li>\n<li><strong>Entenda:<\/strong><a class=\"\" href=\"https:\/\/oglobo.globo.com\/ela\/noticia\/2026\/01\/08\/pulseira-de-bruna-marquezine-em-passeio-com-shawn-mendes-viraliza-entenda.ghtml\" rel=\"nofollow noopener\" target=\"_blank\"><strong> Pulseira de Bruna Marquezine em passeio com Shawn Mendes viraliza<\/strong><\/a><\/li>\n<\/ul>\n<p class=\" content-text__container \" data-track-category=\"Link no Texto\" data-track-links=\"\"> A escolha central do look foi um cardig\u00e3 listrado em verde e branco, confeccionado em cashmere, da The Elder Statesman, marca californiana conhecida pela abordagem artesanal e pelo apelo sofisticado do conforto. A pe\u00e7a, vendida na Farfetch por R$ 20.834, dialoga com a tend\u00eancia do knitwear elevado, que transforma itens tradicionalmente b\u00e1sicos em protagonistas do visual. <\/p>\n<p class=\" content-text__container \" data-track-category=\"Link no Texto\" data-track-links=\"\"> Para equilibrar, Bruna recorreu ao jeans de lavagem m\u00e9dia, com comprimento cropped, deixando \u00e0 mostra a meia cinza estampada, detalhe que refor\u00e7a a est\u00e9tica despretensiosa, por\u00e9m informada. <\/p>\n<p class=\" content-text__container \" data-track-category=\"Link no Texto\" data-track-links=\"\"> Nos p\u00e9s, o t\u00eanis da Loewe, avaliado em R$ 9.164, acrescentou um toque fashionista ao conjunto e confirma o protagonismo dos sneakers de grife no guarda-roupa urbano. A beleza acompanhou a proposta natural: cabelos semipresos, maquiagem leve e \u00f3culos de sol de arma\u00e7\u00e3o preta, refor\u00e7ando a imagem de uma eleg\u00e2ncia cotidiana, cada vez mais valorizada. <\/p>\n<p class=\" content-text__container \" data-track-category=\"Link no Texto\" data-track-links=\"\"> Ao lado dela, Shawn Mendes surgiu em um visual igualmente casual, marcado pelo bon\u00e9 marrom da Mondepars, marca de Sasha Meneghel, vendido por R$ 269. A pe\u00e7a apareceu combinada com camiseta branca de manga longa, decote em V e jeans de lavagem clara, compondo um look confort\u00e1vel e alinhado \u00e0 est\u00e9tica clean que domina o streetwear masculino. <\/p>\n","protected":false},"excerpt":{"rendered":"Depois de come\u00e7arem o ano juntos em S\u00e3o Miguel dos Milagres, em Alagoas, Bruna Marquezine e Shawn Mendes&hellip;\n","protected":false},"author":2,"featured_media":221124,"comment_status":"","ping_status":"","sticky":false,"template":"","format":"standard","meta":{"footnotes":""},"categories":[145],"tags":[211,210,114,115,319,32,33,318],"class_list":{"0":"post-221123","1":"post","2":"type-post","3":"status-publish","4":"format-standard","5":"has-post-thumbnail","7":"category-celebridades","8":"tag-celebridades","9":"tag-celebrities","10":"tag-entertainment","11":"tag-entretenimento","12":"tag-hard-news","13":"tag-portugal","14":"tag-pt","15":"tag-radar"},"share_on_mastodon":{"url":"https:\/\/pubeurope.com\/@pt\/115861452393026379","error":""},"_links":{"self":[{"href":"https:\/\/www.europesays.com\/pt\/wp-json\/wp\/v2\/posts\/221123","targetHints":{"allow":["GET"]}}],"collection":[{"href":"https:\/\/www.europesays.com\/pt\/wp-json\/wp\/v2\/posts"}],"about":[{"href":"https:\/\/www.europesays.com\/pt\/wp-json\/wp\/v2\/types\/post"}],"author":[{"embeddable":true,"href":"https:\/\/www.europesays.com\/pt\/wp-json\/wp\/v2\/users\/2"}],"replies":[{"embeddable":true,"href":"https:\/\/www.europesays.com\/pt\/wp-json\/wp\/v2\/comments?post=221123"}],"version-history":[{"count":0,"href":"https:\/\/www.europesays.com\/pt\/wp-json\/wp\/v2\/posts\/221123\/revisions"}],"wp:featuredmedia":[{"embeddable":true,"href":"https:\/\/www.europesays.com\/pt\/wp-json\/wp\/v2\/media\/221124"}],"wp:attachment":[{"href":"https:\/\/www.europesays.com\/pt\/wp-json\/wp\/v2\/media?parent=221123"}],"wp:term":[{"taxonomy":"category","embeddable":true,"href":"https:\/\/www.europesays.com\/pt\/wp-json\/wp\/v2\/categories?post=221123"},{"taxonomy":"post_tag","embeddable":true,"href":"https:\/\/www.europesays.com\/pt\/wp-json\/wp\/v2\/tags?post=221123"}],"curies":[{"name":"wp","href":"https:\/\/api.w.org\/{rel}","templated":true}]}}