{"id":221125,"date":"2026-01-08T20:52:11","date_gmt":"2026-01-08T20:52:11","guid":{"rendered":"https:\/\/www.europesays.com\/pt\/221125\/"},"modified":"2026-01-08T20:52:11","modified_gmt":"2026-01-08T20:52:11","slug":"portugues-ricardo-pereira-fala-sobre-nova-novela-na-globo-e-motivo-de-voltar-ao-brasil","status":"publish","type":"post","link":"https:\/\/www.europesays.com\/pt\/221125\/","title":{"rendered":"Portugu\u00eas, Ricardo Pereira fala sobre nova novela na Globo e motivo de voltar ao Brasil"},"content":{"rendered":"<p>Longe das novelas desde 2022, quando esteve no elenco de Cara e Coragem, <a href=\"https:\/\/natelinha.uol.com.br\/famosos\/tudo-sobre\/ricardo-pereira\" rel=\"nofollow noopener\" target=\"_blank\">Ricardo Pereira<\/a> volta \u00e0 telinha da Globo na pr\u00f3xima segunda-feira (12), com a estreia de <a href=\"https:\/\/natelinha.uol.com.br\/novelas\/coracao-acelerado\" rel=\"nofollow noopener\" target=\"_blank\">Cora\u00e7\u00e3o Acelerado<\/a> na faixa das 19h. Na trama, ele dar\u00e1 vida a Jean Carlos, um fora da lei.<\/p>\n<p>continua depois da publicidade<\/p>\n<p>&#8220;Ele \u00e9 um cara que viveu em v\u00e1rios lugares, que se vira nos trinta, e \u00e0s vezes precisa mudar de lugar, desaparecer aqui e aparecer ali, e ningu\u00e9m entende muito. Por conta disso, tem um sotaque diferente, com algumas palavras em espanhol, mas algo meio arrastado na fala. \u00c9 um cara de m\u00faltiplos rostos e faces&#8221;, disse o ator em entrevista \u00e0 coluna Play, do jornal O Globo.<\/p>\n<p>+ <a href=\"https:\/\/natelinha.uol.com.br\/famosos\/2026\/01\/08\/ex-de-caua-reymond-mariana-goldfarb-causa-com-conselho-desviar-dos-idiotas-236258.php\" rel=\"nofollow noopener\" target=\"_blank\">Ex de Cau\u00e3 Reymond, Mariana Goldfarb causa com conselho: &#8220;Desviar dos idiotas&#8221;<\/a><\/p>\n<p>+ <a href=\"https:\/\/natelinha.uol.com.br\/famosos\/2026\/01\/08\/assumidos-bruna-marquezine-e-shawn-mendes-sao-flagrados-trocando-carinhos-durante-passeio-236253.php\" rel=\"nofollow noopener\" target=\"_blank\">Assumidos, Bruna Marquezine e Shawn Mendes s\u00e3o flagrados trocando carinhos durante passeio<\/a><\/p>\n<p>continua depois da publicidade<\/p>\n<p>Ricardo Pereira explicou o motivo de volta e meia est\u00e1 no Brasil para produzir algo, uma vez que tamb\u00e9m construiu uma carreira em Portugal &#8211; o artista, casado com a portuguesa Francisca Pinto, tem tr\u00eas filhos: Vicente, Francisca e Julieta, todos cariocas.<\/p>\n<p>&#8220;O Brasil vem sendo a nossa base nos \u00faltimos 20 anos, e quer\u00edamos manter essa conex\u00e3o com o pa\u00eds que tanto nos deu e que sempre nos acolhe. Acho que a nossa fam\u00edlia foi constru\u00edda em fun\u00e7\u00e3o desta mobilidade. A minha mulher tamb\u00e9m viaja bastante a trabalho, e nossos filhos t\u00eam essa facilidade de adapta\u00e7\u00e3o, de estarem sempre prontos para viajar. E eu n\u00e3o vivo sem eles&#8221;, contou.<\/p>\n<p>continua depois da publicidade<\/p>\n<p>&#8220;Uma rela\u00e7\u00e3o vive de parceria, de escuta, de companheirismo e entendimento. A gente se faz muito presente um na vida do outro e na dos nossos filhos, o que \u00e9 essencial para estreitar la\u00e7os, criar mem\u00f3rias e criar rela\u00e7\u00f5es humanas fortes. Ent\u00e3o, a gente tem contado a nossa hist\u00f3ria junto, acho que \u00e9 melhor viver junto do que viver sozinho e partilhar depois&#8221;, refletiu Ricardo.<\/p>\n<p>Ricardo Pereira fala sobre chegada ao Rio de Janeiro<\/p>\n<p>\u00a0<\/p>\n<p><img decoding=\"async\" loading=\"lazy\" class=\"horizontal\" src=\"https:\/\/www.europesays.com\/pt\/wp-content\/uploads\/2026\/01\/ricardo-pereira_3598.jpeg\" alt=\"Portugu\u00eas, Ricardo Pereira fala sobre nova novela na Globo e motivo de voltar ao Brasil\"\/><\/p>\n<p>No papo, Ricardo Pereira relembrou a sua chegada ao Rio de Janeiro, em 2004, quando foi contratado pela Globo para protagonizar a novela Como uma Onda.<\/p>\n<p>continua depois da publicidade<\/p>\n<p>&#8220;J\u00e1 tinha morado em outros lugares, mas senti a responsabilidade, at\u00e9 porque \u00e0quela altura nenhum estrangeiro havia feito um protagonista. Cruzei com gente que estava come\u00e7ando tamb\u00e9m e hoje est\u00e1 com uma carreira consolidada&#8221;, afirmou.<\/p>\n<p>&#8220;De cara, recebi um abra\u00e7o gigante, fui muito acolhido, e \u00e9 o que fez e faz eu me sentir em casa at\u00e9 hoje&#8221;, explicou Pereira, que esteve em outras novelas, como Aquele Beijo (2011), Novo Mundo (2017) e \u00c9ramos Seis (2019).<\/p>\n","protected":false},"excerpt":{"rendered":"Longe das novelas desde 2022, quando esteve no elenco de Cara e Coragem, Ricardo Pereira volta \u00e0 telinha&hellip;\n","protected":false},"author":2,"featured_media":221126,"comment_status":"","ping_status":"","sticky":false,"template":"","format":"standard","meta":{"footnotes":""},"categories":[142],"tags":[10169,114,115,32,33,13497,151],"class_list":{"0":"post-221125","1":"post","2":"type-post","3":"status-publish","4":"format-standard","5":"has-post-thumbnail","7":"category-tv","8":"tag-coracao-acelerado","9":"tag-entertainment","10":"tag-entretenimento","11":"tag-portugal","12":"tag-pt","13":"tag-ricardo-pereira","14":"tag-tv"},"share_on_mastodon":{"url":"https:\/\/pubeurope.com\/@pt\/115861464195731482","error":""},"_links":{"self":[{"href":"https:\/\/www.europesays.com\/pt\/wp-json\/wp\/v2\/posts\/221125","targetHints":{"allow":["GET"]}}],"collection":[{"href":"https:\/\/www.europesays.com\/pt\/wp-json\/wp\/v2\/posts"}],"about":[{"href":"https:\/\/www.europesays.com\/pt\/wp-json\/wp\/v2\/types\/post"}],"author":[{"embeddable":true,"href":"https:\/\/www.europesays.com\/pt\/wp-json\/wp\/v2\/users\/2"}],"replies":[{"embeddable":true,"href":"https:\/\/www.europesays.com\/pt\/wp-json\/wp\/v2\/comments?post=221125"}],"version-history":[{"count":0,"href":"https:\/\/www.europesays.com\/pt\/wp-json\/wp\/v2\/posts\/221125\/revisions"}],"wp:featuredmedia":[{"embeddable":true,"href":"https:\/\/www.europesays.com\/pt\/wp-json\/wp\/v2\/media\/221126"}],"wp:attachment":[{"href":"https:\/\/www.europesays.com\/pt\/wp-json\/wp\/v2\/media?parent=221125"}],"wp:term":[{"taxonomy":"category","embeddable":true,"href":"https:\/\/www.europesays.com\/pt\/wp-json\/wp\/v2\/categories?post=221125"},{"taxonomy":"post_tag","embeddable":true,"href":"https:\/\/www.europesays.com\/pt\/wp-json\/wp\/v2\/tags?post=221125"}],"curies":[{"name":"wp","href":"https:\/\/api.w.org\/{rel}","templated":true}]}}