{"id":221128,"date":"2026-01-08T20:59:08","date_gmt":"2026-01-08T20:59:08","guid":{"rendered":"https:\/\/www.europesays.com\/pt\/221128\/"},"modified":"2026-01-08T20:59:08","modified_gmt":"2026-01-08T20:59:08","slug":"momoa-bautista-e-festival-de-explosoes","status":"publish","type":"post","link":"https:\/\/www.europesays.com\/pt\/221128\/","title":{"rendered":"Momoa, Bautista e festival de explos\u00f5es"},"content":{"rendered":"<p>Jason Momoa e Dave Bautista v\u00e3o protagonizar a primeira grande estreia Prime Video de 2026, com o filme The Wrecking Crew que chega ao servi\u00e7o j\u00e1 a 28 de janeiro.<\/p>\n<p>Realizado por \u00c1ngel Manuel Soto, The Wrecking Crew \u00e9 um filme de com\u00e9dia e a\u00e7\u00e3o no qual Momoa d\u00e1 vida a um pol\u00edcia com s\u00e9rias dificuldades em seguir as regras, o que torna complicada a vida para o seu meio irm\u00e3o Navy Seal, interpretado por Dave Bautista, que vai precisar da sua ajuda para resolver um mist\u00e9rio muito pessoal.<\/p>\n<p>O pai dos dois foi morto algures no Hawaii, por isso v\u00e3o unir esfor\u00e7os para encontrar os respons\u00e1veis pelo crime, mas como encaram a vida com posturas totalmente opostas, o caos e as explos\u00f5es est\u00e3o garantidas.<\/p>\n<p>O elenco de The Wrecking Crew conta com Jason Momoa, Dave Bautista, Claes Bang, Temuera Morrison, Jacob Batalon, Frankie Adams, Miyavi, Maia Kealoha, Stephen Root, e Morena Baccarin.<\/p>\n<p><a class=\"button video\" href=\"https:\/\/www.youtube.com\/watch?v=v8R0xDczERo\" rel=\"noopener nofollow\" target=\"_blank\">Ver no Youtube<\/a><\/p>\n","protected":false},"excerpt":{"rendered":"Jason Momoa e Dave Bautista v\u00e3o protagonizar a primeira grande estreia Prime Video de 2026, com o filme&hellip;\n","protected":false},"author":2,"featured_media":221129,"comment_status":"","ping_status":"","sticky":false,"template":"","format":"standard","meta":{"footnotes":""},"categories":[140],"tags":[114,115,147,148,146,32,33],"class_list":{"0":"post-221128","1":"post","2":"type-post","3":"status-publish","4":"format-standard","5":"has-post-thumbnail","7":"category-filmes","8":"tag-entertainment","9":"tag-entretenimento","10":"tag-film","11":"tag-filmes","12":"tag-movies","13":"tag-portugal","14":"tag-pt"},"share_on_mastodon":{"url":"https:\/\/pubeurope.com\/@pt\/115861491936234242","error":""},"_links":{"self":[{"href":"https:\/\/www.europesays.com\/pt\/wp-json\/wp\/v2\/posts\/221128","targetHints":{"allow":["GET"]}}],"collection":[{"href":"https:\/\/www.europesays.com\/pt\/wp-json\/wp\/v2\/posts"}],"about":[{"href":"https:\/\/www.europesays.com\/pt\/wp-json\/wp\/v2\/types\/post"}],"author":[{"embeddable":true,"href":"https:\/\/www.europesays.com\/pt\/wp-json\/wp\/v2\/users\/2"}],"replies":[{"embeddable":true,"href":"https:\/\/www.europesays.com\/pt\/wp-json\/wp\/v2\/comments?post=221128"}],"version-history":[{"count":0,"href":"https:\/\/www.europesays.com\/pt\/wp-json\/wp\/v2\/posts\/221128\/revisions"}],"wp:featuredmedia":[{"embeddable":true,"href":"https:\/\/www.europesays.com\/pt\/wp-json\/wp\/v2\/media\/221129"}],"wp:attachment":[{"href":"https:\/\/www.europesays.com\/pt\/wp-json\/wp\/v2\/media?parent=221128"}],"wp:term":[{"taxonomy":"category","embeddable":true,"href":"https:\/\/www.europesays.com\/pt\/wp-json\/wp\/v2\/categories?post=221128"},{"taxonomy":"post_tag","embeddable":true,"href":"https:\/\/www.europesays.com\/pt\/wp-json\/wp\/v2\/tags?post=221128"}],"curies":[{"name":"wp","href":"https:\/\/api.w.org\/{rel}","templated":true}]}}