{"id":221140,"date":"2026-01-08T21:06:11","date_gmt":"2026-01-08T21:06:11","guid":{"rendered":"https:\/\/www.europesays.com\/pt\/221140\/"},"modified":"2026-01-08T21:06:11","modified_gmt":"2026-01-08T21:06:11","slug":"montenegro-anuncia-compra-de-275-novas-viaturas-perante-problema-cronico-no-inem-politica","status":"publish","type":"post","link":"https:\/\/www.europesays.com\/pt\/221140\/","title":{"rendered":"Montenegro anuncia compra de 275 novas viaturas perante &#8220;problema cr\u00f3nico&#8221; no INEM &#8211; Pol\u00edtica"},"content":{"rendered":"<p class=\"\">&#13;<br \/>\n        O primeiro-ministro, <b>Lu\u00eds Montenegro, anunciou esta quinta-feira a aquisi\u00e7\u00e3o de 275 novas viaturas para o\u00a0Instituto Nacional de Emerg\u00eancia M\u00e9dica (INEM).\u00a0<\/b>O l\u00edder do Governo lamentou a morte de tr\u00eas pessoas nos \u00faltimos dois dias e garantiu que o Governo est\u00e1 empenhado em resolver as falhas &#8220;cr\u00f3nicas&#8221; do INEM.&#13;\n    <\/p>\n<p class=\"\">&#13;<br \/>\n        &#8220;\u00c9 para refor\u00e7ar a capacidade do INEM, e na sequ\u00eancia de um processo que foi iniciado h\u00e1 anos, que ontem <b>foi aprovada a aquisi\u00e7\u00e3o de 275 novas viaturas para o INEM, num investimento que ascende a 16,8 milh\u00f5es de euros<\/b>. S\u00e3o 63 ambul\u00e2ncias, 34 VMER [Viaturas M\u00e9dicas de Emerg\u00eancia e Reanima\u00e7\u00e3o] e 78 outros ve\u00edculos. \u00c9 o maior investimento do g\u00e9nero da \u00faltima d\u00e9cada&#8221;, referiu, na abertura do primeiro debate quinzenal deste ano.\u00a0&#13;\n    <\/p>\n<p class=\"\">&#13;<br \/>\n        Segundo o primeiro-ministro, foram adquiridos para o INEM &#8220;apenas 100 ve\u00edculos&#8221;, num investimento de 4,2 milh\u00f5es de euros. &#8220;<b>Em dez anos, foi gasto um quarto do que este Governo decidiu investir. Estamos a resolver um problema cr\u00f3nico<\/b> e a inverter um desinvestimento que herd\u00e1mos com consequ\u00eancias evidentes e graves&#8221;, disse.\u00a0&#13;\n    <\/p>\n<p class=\"\">&#13;<br \/>\n        <b>Em dois dias, tr\u00eas pessoas morreram em diferentes pontos do pa\u00eds devido a esperas prolongados pelo socorro do INEM<\/b>. Uma idosa na casa dos 70 anos faleceu na quarta-feira na Quinta do Conde, em Sesimbra. No mesmo dia, um homem de 68 anos morreu em Tavira. Estas duas v\u00edtimas mortais juntam-se a uma outra, um homem de 68 anos, que morreu no Seixal na ter\u00e7a-feira, ap\u00f3s ter esperado tr\u00eas horas pelo INEM.&#13;\n    <\/p>\n<p class=\"\">&#13;<br \/>\n        O primeiro-ministro anunciou tamb\u00e9m que esta quinta-feira, numa reuni\u00e3o com as ministras da Sa\u00fade e do Trabalho e Seguran\u00e7a Social, foi decidida a <b>cria\u00e7\u00e3o de uma &#8220;resposta r\u00e1pida&#8221; de 400 a 500 camas em unidades interm\u00e9dias para &#8220;poder tirar do sistema hospitalar casos sociais que retiram capacidade para situa\u00e7\u00f5es de emerg\u00eancia&#8221;.\u00a0<\/b>&#13;\n    <\/p>\n<p class=\"\">&#13;<br \/>\n        &#8220;Todos esses investimentos est\u00e3o enquadrados na reforma profunda do INEM, que est\u00e1 em curso, para que possamos garantir uma mais r\u00e1pida resposta do servi\u00e7o de emerg\u00eancia m\u00e9dica&#8221;, disse, acrescentando que o Governo est\u00e1 a trabalhar na moderniza\u00e7\u00e3o tecnol\u00f3gica nos centros de orienta\u00e7\u00e3o de doentes urgentes e na altera\u00e7\u00f5es do sistema de triagem.&#13;\n    <\/p>\n<p class=\"\">&#13;<br \/>\n        Lu\u00eds Montenegro fez saber ainda que, <b>na reuni\u00e3o do Conselho de Ministros desta sexta-feira, ser\u00e1 aprovado o lan\u00e7amento do concurso para a constru\u00e7\u00e3o do\u00a0novo hospital do Algarve<\/b>. &#8220;\u00c9 uma obra estrutural que se junta a outras como o Hospital de Todos-os-Santos, em Lisboa&#8221;, afirmou.&#13;\n    <\/p>\n","protected":false},"excerpt":{"rendered":"&#13; O primeiro-ministro, Lu\u00eds Montenegro, anunciou esta quinta-feira a aquisi\u00e7\u00e3o de 275 novas viaturas para o\u00a0Instituto Nacional de&hellip;\n","protected":false},"author":2,"featured_media":221141,"comment_status":"","ping_status":"","sticky":false,"template":"","format":"standard","meta":{"footnotes":""},"categories":[10],"tags":[2569,27,28,31242,10581,15,16,14,2648,10183,25,26,797,1447,21,22,12,13,19,20,32,23,24,33,41001,915,10282,19495,17,18,29,30,31],"class_list":{"0":"post-221140","1":"post","2":"type-post","3":"status-publish","4":"format-standard","5":"has-post-thumbnail","7":"category-portugal","8":"tag-algarve","9":"tag-breaking-news","10":"tag-breakingnews","11":"tag-conselho-da-uniao-europeia","12":"tag-desastres-acidentes-e-emergencias","13":"tag-featured-news","14":"tag-featurednews","15":"tag-headlines","16":"tag-hospitais","17":"tag-investimentos","18":"tag-latest-news","19":"tag-latestnews","20":"tag-lisboa","21":"tag-luis-montenegro","22":"tag-main-news","23":"tag-mainnews","24":"tag-news","25":"tag-noticias","26":"tag-noticias-principais","27":"tag-noticiasprincipais","28":"tag-portugal","29":"tag-principais-noticias","30":"tag-principaisnoticias","31":"tag-pt","32":"tag-resposta-de-emergencia","33":"tag-seguranca-social","34":"tag-sesimbra","35":"tag-tavira","36":"tag-top-stories","37":"tag-topstories","38":"tag-ultimas","39":"tag-ultimas-noticias","40":"tag-ultimasnoticias"},"share_on_mastodon":{"url":"","error":"Validation failed: Text character limit of 500 exceeded"},"_links":{"self":[{"href":"https:\/\/www.europesays.com\/pt\/wp-json\/wp\/v2\/posts\/221140","targetHints":{"allow":["GET"]}}],"collection":[{"href":"https:\/\/www.europesays.com\/pt\/wp-json\/wp\/v2\/posts"}],"about":[{"href":"https:\/\/www.europesays.com\/pt\/wp-json\/wp\/v2\/types\/post"}],"author":[{"embeddable":true,"href":"https:\/\/www.europesays.com\/pt\/wp-json\/wp\/v2\/users\/2"}],"replies":[{"embeddable":true,"href":"https:\/\/www.europesays.com\/pt\/wp-json\/wp\/v2\/comments?post=221140"}],"version-history":[{"count":0,"href":"https:\/\/www.europesays.com\/pt\/wp-json\/wp\/v2\/posts\/221140\/revisions"}],"wp:featuredmedia":[{"embeddable":true,"href":"https:\/\/www.europesays.com\/pt\/wp-json\/wp\/v2\/media\/221141"}],"wp:attachment":[{"href":"https:\/\/www.europesays.com\/pt\/wp-json\/wp\/v2\/media?parent=221140"}],"wp:term":[{"taxonomy":"category","embeddable":true,"href":"https:\/\/www.europesays.com\/pt\/wp-json\/wp\/v2\/categories?post=221140"},{"taxonomy":"post_tag","embeddable":true,"href":"https:\/\/www.europesays.com\/pt\/wp-json\/wp\/v2\/tags?post=221140"}],"curies":[{"name":"wp","href":"https:\/\/api.w.org\/{rel}","templated":true}]}}