{"id":221142,"date":"2026-01-08T21:07:21","date_gmt":"2026-01-08T21:07:21","guid":{"rendered":"https:\/\/www.europesays.com\/pt\/221142\/"},"modified":"2026-01-08T21:07:21","modified_gmt":"2026-01-08T21:07:21","slug":"amorim-o-fantasma-da-segunda-circular","status":"publish","type":"post","link":"https:\/\/www.europesays.com\/pt\/221142\/","title":{"rendered":"Amorim: o fantasma da Segunda Circular"},"content":{"rendered":"<p>Ruben Amorim saiu do <a class=\"autolink-enabled\" data-resource-id=\"102\" data-resource-type=\"team\" data-sport=\"football\" href=\"https:\/\/www.abola.pt\/futebol\/manchester-united-102\" rel=\"nofollow noopener\" target=\"_blank\">Manchester United<\/a> e voltou a entrar em Lisboa ainda antes de aterrar. Este n\u00e3o \u00e9 o tema que tinha planeado para o in\u00edcio de 2026, mas torna-se inevit\u00e1vel abord\u00e1-lo.<\/p>\n<p style=\"text-align: justify;\">Os efeitos da sa\u00edda de Ruben Amorim do <a class=\"autolink-enabled\" data-resource-id=\"102\" data-resource-type=\"team\" data-sport=\"football\" href=\"https:\/\/www.abola.pt\/futebol\/manchester-united-102\" rel=\"nofollow noopener\" target=\"_blank\">Manchester United<\/a> rapidamente se fizeram ecoar em Lisboa, basta acompanhar os programas desportivos e\/ou as redes sociais para perceber que a sua associa\u00e7\u00e3o aos dois clubes da 2.\u00aa circular foi quase autom\u00e1tica. Enquanto estiver livre no mercado, Ruben Amorim ser\u00e1 sempre como um fantasma que paira sobre os atuais treinadores, principalmente em Alvalade.<\/p>\n<p style=\"text-align: justify;\">Este artigo n\u00e3o pretende avaliar o m\u00e9rito absoluto de nenhum treinador, nem comparar talentos ou aptid\u00f5es, mas sim refletir sobre as causas destas associa\u00e7\u00f5es mesmo 14 meses ap\u00f3s a sua sa\u00edda do campeonato nacional.<\/p>\n<p style=\"text-align: justify;\">Rui Borges foi aceite em Alvalade, principalmente por ter conseguido o bicampeonato, cujo m\u00e9rito continua a ser associado a Amorim, sendo Rui Borges apenas visto na maioria das vezes como uma pe\u00e7a neutra que permitiu continuar o des\u00edgnio que j\u00e1 tinha sido tra\u00e7ado pelo seu antecessor, como se fosse bom j\u00e1 n\u00e3o ter comprometido.<\/p>\n<p style=\"text-align: justify;\">A verdade \u00e9 que Rui Borges foi aceite, mas nunca adorado pela massa adepta, n\u00e3o tem sido muito contestado, isso \u00e9 verdade, mas n\u00e3o se deve a qualquer rela\u00e7\u00e3o ou v\u00ednculo emocional que tenha sido estabelecido, mas sim ao t\u00edtulo anterior e \u00e0 consist\u00eancia dos resultados no in\u00edcio desta temporada.<\/p>\n<p style=\"text-align: justify;\">\u00c9 verdade que se tem assistido a uma melhoria not\u00f3ria no processo de comunica\u00e7\u00e3o do treinador, mas o carisma n\u00e3o est\u00e1 l\u00e1. Est\u00e1 longe de conseguir suplantar a rela\u00e7\u00e3o de simbiose quase perfeita que R\u00faben Amorim conseguiu com os adeptos, raz\u00e3o pela qual nunca foi esquecido e que faz alguns adeptos pensarem (correta ou incorreta) que se viesse agora ainda viria a tempo do tri, ou pelo menos faria sonhar uma grande percentagem dos adeptos, aquela percentagem que n\u00e3o o olha como traidor por ter sa\u00eddo a meio da \u00e9poca.<\/p>\n<p style=\"text-align: justify;\">O timing da sa\u00edda de Ruben Amorim do <a target=\"_blank\" class=\"editor-link autolink-enabled\" href=\"https:\/\/www.abola.pt\/futebol\/manchester-united-102\" data-resource-id=\"102\" data-resource-type=\"team\" data-sport=\"football\" rel=\"nofollow noopener\">Manchester United<\/a> ajuda claramente a esta associa\u00e7\u00e3o uma vez que coincide com o empate frente ao Gil Vicente e a derrota, nesta \u00faltima ter\u00e7a-feira, 6 de janeiro, frente ao Vit\u00f3ria de Guimar\u00e3es, que afasta o <a target=\"_blank\" class=\"editor-link autolink-enabled\" href=\"https:\/\/www.abola.pt\/futebol\/sporting-448\" data-resource-id=\"448\" data-resource-type=\"team\" data-sport=\"football\" rel=\"nofollow noopener\">Sporting<\/a> da possibilidade de vencer a Ta\u00e7a da Liga, timing que desperta a mem\u00f3ria emocional de adepto.<\/p>\n<p style=\"text-align: justify;\">Por outro lado, \u00e9 verdade que o <a class=\"autolink-enabled\" data-resource-id=\"450\" data-resource-type=\"team\" data-sport=\"football\" href=\"https:\/\/www.abola.pt\/futebol\/benfica-450\" rel=\"nofollow noopener\" target=\"_blank\">Benfica<\/a> tem Jos\u00e9 Mourinho, nome hist\u00f3rico do futebol mundial, mas tamb\u00e9m \u00e9 verdade que o terceiro lugar agrada muito pouco \u00e0 massa adepta benfiquista que exige sempre mais, que exige t\u00edtulos.<\/p>\n<p style=\"text-align: justify;\">H\u00e1 muito que o nome de Ruben Amorim \u00e9 associado ao <a class=\"autolink-enabled\" data-resource-id=\"450\" data-resource-type=\"team\" data-sport=\"football\" href=\"https:\/\/www.abola.pt\/futebol\/benfica-450\" rel=\"nofollow noopener\" target=\"_blank\">Benfica<\/a> sempre que algo parece estar menos bem. No universo benfiquista, a associa\u00e7\u00e3o a Ruben Amorim n\u00e3o nasce apenas da oportunidade de mercado, nasce sobretudo de uma narrativa emocional constru\u00edda desde o sucesso alcan\u00e7ado em Alvalade.<\/p>\n<p style=\"text-align: justify;\">Desde ent\u00e3o, uma parte significativa dos adeptos vive com a sensa\u00e7\u00e3o de perda simb\u00f3lica, um treinador assumidamente benfiquista, formado no clube, que atingiu a gl\u00f3ria, mas com o rival.<\/p>\n<p style=\"text-align: justify;\">Por isso, sempre que algo n\u00e3o corre bem, o nome de Amorim regressa como uma esp\u00e9cie de reposi\u00e7\u00e3o da ordem natural das coisas, quase como a vontade de trazer para casa algu\u00e9m que os adeptos sentem emocionalmente como seu.<\/p>\n<p style=\"text-align: justify;\">N\u00e3o \u00e9 s\u00f3 racionalidade desportiva, \u00e9 identidade, perten\u00e7a e a ideia de que ainda existe uma hist\u00f3ria inacabada entre <a class=\"autolink-enabled\" data-resource-id=\"8876\" data-resource-type=\"player\" data-sport=\"football\" href=\"https:\/\/www.abola.pt\/futebol\/jogador\/ruben-amorim-8876\" rel=\"nofollow noopener\" target=\"_blank\">Amorim<\/a> e a Luz. Mourinho n\u00e3o tem recebido, pelo menos at\u00e9 agora, grande contesta\u00e7\u00e3o, apesar do terceiro lugar na <a class=\"autolink-enabled\" data-resource-id=\"13\" data-resource-type=\"competition\" data-sport=\"football\" href=\"https:\/\/www.abola.pt\/futebol\/competicao\/liga-portugal-betclic-13\" rel=\"nofollow noopener\" target=\"_blank\">Liga<\/a> e dos menos positivos resultados na <a class=\"autolink-enabled\" data-resource-id=\"13\" data-resource-type=\"competition\" data-sport=\"football\" href=\"https:\/\/www.abola.pt\/futebol\/competicao\/liga-portugal-betclic-13\" rel=\"nofollow noopener\" target=\"_blank\">Liga<\/a> dos Campe\u00f5es, mas isso deve-se sobretudo a tr\u00eas pontos-chave: o peso emblem\u00e1tico do pr\u00f3prio treinador, a cria\u00e7\u00e3o de narrativa de um inimigo comum que serve sempre para unir (a arbitragem) e o desempenho de excel\u00eancia do <a class=\"autolink-enabled\" data-resource-id=\"451\" data-resource-type=\"team\" data-sport=\"football\" href=\"https:\/\/www.abola.pt\/futebol\/fc-porto-451\" rel=\"nofollow noopener\" target=\"_blank\">FC Porto<\/a> que n\u00e3o diminui a \u00e9poca dos advers\u00e1rios, mas explica porque ser bom n\u00e3o \u00e9 suficiente.<\/p>\n<p style=\"text-align: justify;\">Mas a verdade \u00e9 que, tamb\u00e9m na Luz, o facto de <a class=\"autolink-enabled\" data-resource-id=\"8876\" data-resource-type=\"player\" data-sport=\"football\" href=\"https:\/\/www.abola.pt\/futebol\/jogador\/ruben-amorim-8876\" rel=\"nofollow noopener\" target=\"_blank\">Amorim<\/a> estar livre faz aumentar a press\u00e3o dos resultados, pois alguns adeptos encontram no seu imagin\u00e1rio uma solu\u00e7\u00e3o melhor para o futuro do clube. Mourinho \u00e9 dos poucos treinadores em Portugal com capital emocional suficiente para retardar a contesta\u00e7\u00e3o, mas esse capital tamb\u00e9m tem prazo.<\/p>\n<p style=\"text-align: justify;\">O simples facto de Ruben <a class=\"autolink-enabled\" data-resource-id=\"8876\" data-resource-type=\"player\" data-sport=\"football\" href=\"https:\/\/www.abola.pt\/futebol\/jogador\/ruben-amorim-8876\" rel=\"nofollow noopener\" target=\"_blank\">Amorim<\/a> ser constantemente associado aos dois rivais hist\u00f3ricos da 2.\u00aa Circular aumenta inevitavelmente a press\u00e3o sobre ambos: \u00abContratar <a class=\"autolink-enabled\" data-resource-id=\"8876\" data-resource-type=\"player\" data-sport=\"football\" href=\"https:\/\/www.abola.pt\/futebol\/jogador\/ruben-amorim-8876\" rel=\"nofollow noopener\" target=\"_blank\">Amorim<\/a> ser\u00e1 a decis\u00e3o certa ou um erro estrat\u00e9gico?\u00bb, \u00abE se o outro o fizer primeiro e resultar?\u00bb, \u00abE se vier\u2026 e correr mal?\u00bb.<\/p>\n<p style=\"text-align: justify;\">H\u00e1 sempre uma decis\u00e3o por tomar\u2026 e um risco por assumir. Quem ousar\u00e1 dar o primeiro passo? Ou ningu\u00e9m o dar\u00e1? Tudo depender\u00e1 de dois fatores determinantes: aquilo que os pr\u00f3ximos resultados ditarem e, sobretudo, a vontade do pr\u00f3prio Ruben Amorim.<\/p>\n<p style=\"text-align: justify;\">E, este \u00e9 o ponto que tem sido consistentemente esquecido, a vontade do pr\u00f3prio treinador. Um eventual regresso a Lisboa, seja \u00e0 Luz ou a Alvalade, pode ser deslumbrante e glorioso, mas tamb\u00e9m pode ser uma armadilha quase fatal para a sua carreira caso n\u00e3o alcance rapidamente os resultados desejados.<\/p>\n<p style=\"text-align: justify;\">Ainda assim, <a class=\"autolink-enabled\" data-resource-id=\"8876\" data-resource-type=\"player\" data-sport=\"football\" href=\"https:\/\/www.abola.pt\/futebol\/jogador\/ruben-amorim-8876\" rel=\"nofollow noopener\" target=\"_blank\">Amorim<\/a> habituou-nos a olhar sempre para o copo meio cheio, a desafiar o medo com ambi\u00e7\u00e3o: \u00abE se corre bem?\u00bb. Talvez seja exatamente nesta tens\u00e3o entre risco e sonho que reside o grande fasc\u00ednio desta possibilidade, mas essa \u00e9, claramente, uma conversa com profundidade suficiente para merecer um artigo pr\u00f3prio.<\/p>\n<p style=\"text-align: justify;\">No fundo, enquanto Ruben Amorim estiver livre, n\u00e3o precisa de estar em Lisboa para estar presente. Ele n\u00e3o ocupa um banco, n\u00e3o define estrat\u00e9gias, mas ocupa espa\u00e7o emocional e define expectativas, da\u00ed a escolha do t\u00edtulo, tal como um fantasma ele n\u00e3o precisa estar, n\u00e3o precisa de ser visto, mas a sua hipot\u00e9tica presen\u00e7a ser\u00e1 sentida.<\/p>\n<p>E, at\u00e9 algu\u00e9m fechar definitivamente esta hist\u00f3ria, os dois clubes da Segunda Circular continuar\u00e3o a viver com a mesma pergunta silenciosa: e se, um dia, ele voltar?<\/p>\n","protected":false},"excerpt":{"rendered":"Ruben Amorim saiu do Manchester United e voltou a entrar em Lisboa ainda antes de aterrar. Este n\u00e3o&hellip;\n","protected":false},"author":2,"featured_media":221143,"comment_status":"","ping_status":"","sticky":false,"template":"","format":"standard","meta":{"footnotes":""},"categories":[8],"tags":[27,28,15,16,14,25,26,21,22,12,13,19,20,32,23,24,33,17,18,29,30,31],"class_list":{"0":"post-221142","1":"post","2":"type-post","3":"status-publish","4":"format-standard","5":"has-post-thumbnail","7":"category-principais-noticias","8":"tag-breaking-news","9":"tag-breakingnews","10":"tag-featured-news","11":"tag-featurednews","12":"tag-headlines","13":"tag-latest-news","14":"tag-latestnews","15":"tag-main-news","16":"tag-mainnews","17":"tag-news","18":"tag-noticias","19":"tag-noticias-principais","20":"tag-noticiasprincipais","21":"tag-portugal","22":"tag-principais-noticias","23":"tag-principaisnoticias","24":"tag-pt","25":"tag-top-stories","26":"tag-topstories","27":"tag-ultimas","28":"tag-ultimas-noticias","29":"tag-ultimasnoticias"},"share_on_mastodon":{"url":"https:\/\/pubeurope.com\/@pt\/115861523343731584","error":""},"_links":{"self":[{"href":"https:\/\/www.europesays.com\/pt\/wp-json\/wp\/v2\/posts\/221142","targetHints":{"allow":["GET"]}}],"collection":[{"href":"https:\/\/www.europesays.com\/pt\/wp-json\/wp\/v2\/posts"}],"about":[{"href":"https:\/\/www.europesays.com\/pt\/wp-json\/wp\/v2\/types\/post"}],"author":[{"embeddable":true,"href":"https:\/\/www.europesays.com\/pt\/wp-json\/wp\/v2\/users\/2"}],"replies":[{"embeddable":true,"href":"https:\/\/www.europesays.com\/pt\/wp-json\/wp\/v2\/comments?post=221142"}],"version-history":[{"count":0,"href":"https:\/\/www.europesays.com\/pt\/wp-json\/wp\/v2\/posts\/221142\/revisions"}],"wp:featuredmedia":[{"embeddable":true,"href":"https:\/\/www.europesays.com\/pt\/wp-json\/wp\/v2\/media\/221143"}],"wp:attachment":[{"href":"https:\/\/www.europesays.com\/pt\/wp-json\/wp\/v2\/media?parent=221142"}],"wp:term":[{"taxonomy":"category","embeddable":true,"href":"https:\/\/www.europesays.com\/pt\/wp-json\/wp\/v2\/categories?post=221142"},{"taxonomy":"post_tag","embeddable":true,"href":"https:\/\/www.europesays.com\/pt\/wp-json\/wp\/v2\/tags?post=221142"}],"curies":[{"name":"wp","href":"https:\/\/api.w.org\/{rel}","templated":true}]}}