{"id":221154,"date":"2026-01-08T21:15:08","date_gmt":"2026-01-08T21:15:08","guid":{"rendered":"https:\/\/www.europesays.com\/pt\/221154\/"},"modified":"2026-01-08T21:15:08","modified_gmt":"2026-01-08T21:15:08","slug":"radio-governo-de-minas-antecipa-resposta-ao-periodo-sazonal-e-reforca-prevencao-contra-arboviroses-e-doencas-respiratorias-agencia-minas-gerais","status":"publish","type":"post","link":"https:\/\/www.europesays.com\/pt\/221154\/","title":{"rendered":"[R\u00c1DIO] Governo de Minas antecipa resposta ao per\u00edodo sazonal e refor\u00e7a preven\u00e7\u00e3o contra arboviroses e doen\u00e7as respirat\u00f3rias &#8211; Ag\u00eancia Minas Gerais"},"content":{"rendered":"<ol>\n<li><a href=\"https:\/\/news.google.com\/rss\/articles\/CBMihAJBVV95cUxNOXNPSnVKbUFwY2QwblBvdEc4R1d6dGlRbmRuX24wNnE2eWRhcS00a1hZT1JyZVFRSVdybW9fX2FJUzVPQXRyaUR0ek0xYjhEc0l5ak53R0FVNWdhUDczZGNndU40bkNsMUlTUWZ3eVQ0SWxXQ2diME1leGxpbzZLTDRLUzd0X1NXWHlVZ29pcTVNU09fN0JVRkk1VXhYaDJHNXZmbTB1ZDNSOEZsb2t2UEdUdHdnNVRNUzJyRFdCYjBVcGRtQjltMWVmVFo5WXdFWUNhZ3ptZGpuaFotUGhyN0pHOGhlOTF5VklhWVBpS1gtN3lKNEVQY0Z1Y3RKS0FQZ3ZTdw?oc=5\" target=\"_blank\" rel=\"nofollow noopener\">[R\u00c1DIO] Governo de Minas antecipa resposta ao per\u00edodo sazonal e refor\u00e7a preven\u00e7\u00e3o contra arboviroses e doen\u00e7as respirat\u00f3rias<\/a>&nbsp;&nbsp;Ag\u00eancia Minas Gerais<\/li>\n<li><a href=\"https:\/\/news.google.com\/rss\/articles\/CBMivAFBVV95cUxQQUdUX1RScnk3WDNLRHYtbnc0Q3dyb1IzRkV6MkEtOUhPLWhpV1NTNFVsUHZFQlktaWt4N2tmTjU2WmVQS040d1FmWWt0M2ZPbXpGNU9jSWNfdkNJMXU2ZS1FVnlYSHFXb3JLZHVucFlURldMR2NyWmUzRTMtQ3JSNUtNanl5bVd2WUJJZFZMQ1V4RXNYMG9nV3dVaFNFLXk0MTRQUWRVZDlkZ2QzYnFOaTlPV2VtRGdJQ0RWbw?oc=5\" target=\"_blank\" rel=\"nofollow noopener\">Baccheretti sobre dengue: \u2018Olhar de prepara\u00e7\u00e3o \u00e9 sempre para ano dif\u00edcil\u2019<\/a>&nbsp;&nbsp;Estado de Minas<\/li>\n<li><a href=\"https:\/\/news.google.com\/rss\/articles\/CBMi2gFBVV95cUxPeWY0UkNTUklYMVhhZzF5VXNnZGxEWUFSTWpzYUZNNHJ2YmMxZmJ1WDVOaW15OTBsOGcydVlUN1FSSkZ3YzYwLUVRanRHQUZQZ3NnVVZ4WmRVeVhXcVJyaG5ub0pjUC1vYU9GWHppYXA4WkxSQTdJRlZVS3UyT3ZyMHMxYzdZckg0eEdnaDcwWXowX2pTZEJNVWdTaXh5ckFpUEUxbUpVT2ZKRXN0Z2ZPanh3VFZFdExWT2I5OHRhUU1LNjJ5aXpuMTNsMGplNDFmZHFRcV9nWkZMdw?oc=5\" target=\"_blank\" rel=\"nofollow noopener\">Ap\u00f3s ano de surto de doen\u00e7as respirat\u00f3rias, Estado faz planos temendo fase aguda neste in\u00edcio de ano<\/a>&nbsp;&nbsp;O TEMPO<\/li>\n<li><a href=\"https:\/\/news.google.com\/rss\/articles\/CBMiywFBVV95cUxNU3NtTlBfZk5xenppTnh2U2s3TVIxRHNRd1RpeWtOYS1qWVM0YzVjVENjQkVsUVVXSm9LS2o0aldNUVpSdlh2dXM1U1pzYVhoSHB5bUVQLVd0c0g4MWJoV1dIUGtEeThPZGFlY3BzNlJpYXNqT25Edm51bzZMODktbU1nR1ktUHlZNDlqSzdLQzFOOU9wYXllZmJlNjVNWndXVEJvZER4R0FndnRyOWhON0lWbDNzV3Q3RFVzZnhHbFhrd2dpTHVGUTA5Zw?oc=5\" target=\"_blank\" rel=\"nofollow noopener\">Confira o \u00faltimo Boletim Epidemiol\u00f3gico de Monitoramento dos casos de Dengue, Chikungunya e Zika<\/a>&nbsp;&nbsp;WebTerra<\/li>\n<li><a href=\"https:\/\/news.google.com\/rss\/articles\/CBMinAFBVV95cUxNLWlrOEI1dzMyY1N3ZlVxQnlxWWZoNWt1UGl5YkhoWFd3dVNyekZCQVhGc0lxbEQ1MDlNNTMyY1JPNk9rdGFRdmZiT0ZJbjVKdkp1Mm83dDRjQmlpUzg5cWVmU29ob3hvYUJ6cXBERDAxaDFrQ2xYMDN6eExyb1FpdjhnTTRKeDFyMkRtTFZsV3U4ZGF2bU92MHNsWG0?oc=5\" target=\"_blank\" rel=\"nofollow noopener\">Com o ver\u00e3o chuvoso, aumentam os riscos sanit\u00e1rios<\/a>&nbsp;&nbsp;Portal Di\u00e1rio do A\u00e7o<\/li>\n<\/ol>\n","protected":false},"excerpt":{"rendered":"[R\u00c1DIO] Governo de Minas antecipa resposta ao per\u00edodo sazonal e refor\u00e7a preven\u00e7\u00e3o contra arboviroses e doen\u00e7as respirat\u00f3rias&nbsp;&nbsp;Ag\u00eancia Minas&hellip;\n","protected":false},"author":2,"featured_media":6238,"comment_status":"","ping_status":"","sticky":false,"template":"","format":"standard","meta":{"footnotes":""},"categories":[86],"tags":[42760,2737,1889,19385,1458,529,1463,301,116,6155,16343,32,1461,33,766,40717,7891,893,117,42761],"class_list":{"0":"post-221154","1":"post","2":"type-post","3":"status-publish","4":"format-standard","5":"has-post-thumbnail","7":"category-saude","8":"tag-antecipa","9":"tag-ao","10":"tag-arboviroses","11":"tag-contra","12":"tag-de","13":"tag-doencas","14":"tag-e","15":"tag-governo","16":"tag-health","17":"tag-minas","18":"tag-periodo","19":"tag-portugal","20":"tag-prevencao","21":"tag-pt","22":"tag-radio","23":"tag-reforca","24":"tag-respiratorias","25":"tag-resposta","26":"tag-saude","27":"tag-sazonal"},"share_on_mastodon":{"url":"https:\/\/pubeurope.com\/@pt\/115861554595847607","error":""},"_links":{"self":[{"href":"https:\/\/www.europesays.com\/pt\/wp-json\/wp\/v2\/posts\/221154","targetHints":{"allow":["GET"]}}],"collection":[{"href":"https:\/\/www.europesays.com\/pt\/wp-json\/wp\/v2\/posts"}],"about":[{"href":"https:\/\/www.europesays.com\/pt\/wp-json\/wp\/v2\/types\/post"}],"author":[{"embeddable":true,"href":"https:\/\/www.europesays.com\/pt\/wp-json\/wp\/v2\/users\/2"}],"replies":[{"embeddable":true,"href":"https:\/\/www.europesays.com\/pt\/wp-json\/wp\/v2\/comments?post=221154"}],"version-history":[{"count":0,"href":"https:\/\/www.europesays.com\/pt\/wp-json\/wp\/v2\/posts\/221154\/revisions"}],"wp:featuredmedia":[{"embeddable":true,"href":"https:\/\/www.europesays.com\/pt\/wp-json\/wp\/v2\/media\/6238"}],"wp:attachment":[{"href":"https:\/\/www.europesays.com\/pt\/wp-json\/wp\/v2\/media?parent=221154"}],"wp:term":[{"taxonomy":"category","embeddable":true,"href":"https:\/\/www.europesays.com\/pt\/wp-json\/wp\/v2\/categories?post=221154"},{"taxonomy":"post_tag","embeddable":true,"href":"https:\/\/www.europesays.com\/pt\/wp-json\/wp\/v2\/tags?post=221154"}],"curies":[{"name":"wp","href":"https:\/\/api.w.org\/{rel}","templated":true}]}}