{"id":221159,"date":"2026-01-08T21:20:13","date_gmt":"2026-01-08T21:20:13","guid":{"rendered":"https:\/\/www.europesays.com\/pt\/221159\/"},"modified":"2026-01-08T21:20:13","modified_gmt":"2026-01-08T21:20:13","slug":"apesar-do-cessar-fogo-exercito-israelita-mata-crianca-de-11-anos-na-faixa-de-gaza","status":"publish","type":"post","link":"https:\/\/www.europesays.com\/pt\/221159\/","title":{"rendered":"Apesar do cessar-fogo. Ex\u00e9rcito israelita mata crian\u00e7a de 11 anos na Faixa de Gaza"},"content":{"rendered":"<p>                A morte ocorreu no campo de refugiados de Jabalia, segundo fontes m\u00e9dicas citadas pelas ag\u00eancias Anadolu e EFE.<\/p>\n<p>A <b>crian\u00e7a foi identificada como Hamsa Nidal Samir Hoso.<\/b> De acordo com a ag\u00eancia turca Anadolu, for\u00e7as israelitas posicionadas a leste do campo dispararam de forma intensa contra a \u00e1rea, matando a menina. O ataque ocorreu numa zona da qual o ex\u00e9rcito israelita se havia retirado no \u00e2mbito do cessar-fogo. <\/p>\n<p>De acordo com a ag\u00eancia Lusa, a v\u00edtima foi atingida na zona de Fallujah, a oeste de Jabalia, uma \u00e1rea pr\u00f3xima da chamada Linha Amarela, que marca a divis\u00e3o entre o territ\u00f3rio controlado por Israel e o restante da Faixa de Gaza. O tio da crian\u00e7a, Masoud Hoso, relatou que o pai da menina est\u00e1 desaparecido desde a passada ter\u00e7a-feira.<\/p>\n<p>Os servi\u00e7os de ambul\u00e2ncia de Gaza informaram que outro menor, com cerca de 15 anos, ficou gravemente ferido no abd\u00f3men no bairro de Zeitoun, no leste da Cidade de Gaza, ap\u00f3s disparos de ve\u00edculos israelitas estacionados atr\u00e1s da Linha Amarela.\u00a0Apesar do cessar-fogo em vigor desde 10 de outubro de 2025, entre Israel e o grupo palestiniano Hamas, as autoridades de sa\u00fade em Gaza denunciam a continua\u00e7\u00e3o quase di\u00e1ria de mortes causadas por disparos israelitas. <\/p>\n<p>Segundo o Minist\u00e9rio da Sa\u00fade do enclave, desde a entrada em vigor da tr\u00e9gua, em outubro do ano passado, 424 palestinianos foram mortos e 1.189 ficaram feridos.<\/p>\n<p><b>Desde o in\u00edcio da ofensiva israelita, em outubro de 2023, mais de 71.400 pessoas- na sua maioria mulheres e crian\u00e7as- ter\u00e3o sido mortas, e mais de 171 mil ficaram feridas na Faixa de Gaza. <\/b><\/p>\n<p>As mortes recentes t\u00eam ocorrido, por vezes, perto da Linha Amarela, onde o ex\u00e9rcito israelita mant\u00e9m posi\u00e7\u00f5es, e noutras situa\u00e7\u00f5es resultam de ataques a\u00e9reos em zonas n\u00e3o controladas por Israel. <\/p>\n<p>&#13;<br \/>\nO ex\u00e9rcito israelita tem justificado estes ataques alegando que as v\u00edtimas representam uma amea\u00e7a \u00e0s suas tropas ou que pertencem ao Hamas. Na passada sexta-feira, tr\u00eas crian\u00e7as com idades entre os 11 e os 15 anos foram mortas por disparos israelitas em Gaza, segundo relatos locais.&#13;\n<\/p>\n<p>&#13;<br \/>\nc\/ag\u00eancias\u00a0&#13;<\/p>\n","protected":false},"excerpt":{"rendered":"A morte ocorreu no campo de refugiados de Jabalia, segundo fontes m\u00e9dicas citadas pelas ag\u00eancias Anadolu e EFE.&hellip;\n","protected":false},"author":2,"featured_media":221160,"comment_status":"","ping_status":"","sticky":false,"template":"","format":"standard","meta":{"footnotes":""},"categories":[50],"tags":[27,28,15,16,14,25,26,21,22,62,12,13,19,20,23,24,420,421,17,18,29,30,31,63,64,65],"class_list":{"0":"post-221159","1":"post","2":"type-post","3":"status-publish","4":"format-standard","5":"has-post-thumbnail","7":"category-mundo","8":"tag-breaking-news","9":"tag-breakingnews","10":"tag-featured-news","11":"tag-featurednews","12":"tag-headlines","13":"tag-latest-news","14":"tag-latestnews","15":"tag-main-news","16":"tag-mainnews","17":"tag-mundo","18":"tag-news","19":"tag-noticias","20":"tag-noticias-principais","21":"tag-noticiasprincipais","22":"tag-principais-noticias","23":"tag-principaisnoticias","24":"tag-rtp","25":"tag-rtp-noticias","26":"tag-top-stories","27":"tag-topstories","28":"tag-ultimas","29":"tag-ultimas-noticias","30":"tag-ultimasnoticias","31":"tag-world","32":"tag-world-news","33":"tag-worldnews"},"share_on_mastodon":{"url":"https:\/\/pubeurope.com\/@pt\/115861574374260837","error":""},"_links":{"self":[{"href":"https:\/\/www.europesays.com\/pt\/wp-json\/wp\/v2\/posts\/221159","targetHints":{"allow":["GET"]}}],"collection":[{"href":"https:\/\/www.europesays.com\/pt\/wp-json\/wp\/v2\/posts"}],"about":[{"href":"https:\/\/www.europesays.com\/pt\/wp-json\/wp\/v2\/types\/post"}],"author":[{"embeddable":true,"href":"https:\/\/www.europesays.com\/pt\/wp-json\/wp\/v2\/users\/2"}],"replies":[{"embeddable":true,"href":"https:\/\/www.europesays.com\/pt\/wp-json\/wp\/v2\/comments?post=221159"}],"version-history":[{"count":0,"href":"https:\/\/www.europesays.com\/pt\/wp-json\/wp\/v2\/posts\/221159\/revisions"}],"wp:featuredmedia":[{"embeddable":true,"href":"https:\/\/www.europesays.com\/pt\/wp-json\/wp\/v2\/media\/221160"}],"wp:attachment":[{"href":"https:\/\/www.europesays.com\/pt\/wp-json\/wp\/v2\/media?parent=221159"}],"wp:term":[{"taxonomy":"category","embeddable":true,"href":"https:\/\/www.europesays.com\/pt\/wp-json\/wp\/v2\/categories?post=221159"},{"taxonomy":"post_tag","embeddable":true,"href":"https:\/\/www.europesays.com\/pt\/wp-json\/wp\/v2\/tags?post=221159"}],"curies":[{"name":"wp","href":"https:\/\/api.w.org\/{rel}","templated":true}]}}