{"id":221161,"date":"2026-01-08T21:21:20","date_gmt":"2026-01-08T21:21:20","guid":{"rendered":"https:\/\/www.europesays.com\/pt\/221161\/"},"modified":"2026-01-08T21:21:20","modified_gmt":"2026-01-08T21:21:20","slug":"andre-ventura-promete-transparencia-total-na-divulgacao-de-donativos","status":"publish","type":"post","link":"https:\/\/www.europesays.com\/pt\/221161\/","title":{"rendered":"Andr\u00e9 Ventura promete transpar\u00eancia total na divulga\u00e7\u00e3o de donativos"},"content":{"rendered":"<p>O candidato presidencial e l\u00edder do Chega voltou esta quinta-feira, 8 de janeiro, a afirmar que vai divulgar a lista de donativos da sua candidatura, para que tudo fique \u201cclarinho como a \u00e1gua\u201d, algo que j\u00e1 tinha prometido a 20 de dezembro.<\/p>\n<p>Durante uma a\u00e7\u00e3o de campanha junto ao Mercado Municipal de Our\u00e9m, distrito de Santar\u00e9m, Andr\u00e9 Ventura foi questionado pela ag\u00eancia Lusa sobre quando divulgar\u00e1 a lista de donativos da sua campanha ao Pal\u00e1cio de Bel\u00e9m.<\/p>\n<p>Ventura afirmou que tal ser\u00e1 feito \u201cno \u2018site\u2019 da campanha\u201d, acrescentou que j\u00e1 existe uma forma de fazer donativos e que ser\u00e3o divulgados \u201clogo que haja donativos e que estes estejam atribu\u00eddos\u201d.<\/p>\n<p>\u201cPedimos a lista, se quiser hoje \u00e0 tarde,\u00a0\u00e9 pedir ao nosso sistema\u00a0e ele ser\u00e1 divulgado, sem problema nenhum\u201d, afirmou.<\/p>\n<p>Ventura garantiu que divulgar\u00e1 todos os donativos publicamente, algo que prometeu a 20 de dezembro, durante a pr\u00e9-campanha, quando as quest\u00f5es de transpar\u00eancia foram levantadas a prop\u00f3sito da lista de clientes da empresa de Lu\u00eds Marques Mendes, candidato apoiado por PSD e CDS-PP.<\/p>\n<p>&#8220;Estou completamente dispon\u00edvel [para divulgar a lista de donativos para a campanha]. No fim, a meio, quando voc\u00eas entenderem\u201d, afirmou na altura Andr\u00e9 Ventura.<\/p>\n<p>Interrogado sobre o porqu\u00ea de ainda n\u00e3o o ter feito, o candidato respondeu que os donativos \u201cs\u00f3 come\u00e7aram a ser operacionalizados ontem [quarta-feira] \u00e0 noite\u201d.<\/p>\n<p>\u201cN\u00e3o se pode divulgar uma coisa\u00a0que s\u00f3 ontem \u00e9 que ficou dispon\u00edvel.\u00a0Vai ficar dispon\u00edvel, acess\u00edvel e perfeitamente\u00a0escrutin\u00e1vel a todos.\u00a0N\u00f3s queremos uma campanha de transpar\u00eancia. E desafio os outros candidatos\u00a0a fazerem exatamente a mesma coisa, porque o nosso vai ficar tudo clarinho,\u00a0tudo como \u00e1gua\u201d, prometeu.<\/p>\n<p>Na campanha \u00e0s presidenciais de 2021, a Entidade das Contas e Financiamentos Pol\u00edticos (ECFP) concluiu que a candidatura de Ventura apresentava diversas irregularidades, entre as quais defici\u00eancias na presta\u00e7\u00e3o de contas, despesas n\u00e3o refletidas nas contas de campanha e aus\u00eancia de registo dos gastos.<\/p>\n<p>O relat\u00f3rio, divulgado em 2024, aponta ainda para a inexist\u00eancia de suporte documental para alguns donativos e incumprimento do regime legal relativo a essas doa\u00e7\u00f5es.<\/p>\n<p>Segundo a ECFP, havia 20.040 euros em donativos que n\u00e3o tinham associado qualquer documento a suportar a a\u00e7\u00e3o.<\/p>\n<p>Entre os donativos, havia 9.200 euros sobre os quais n\u00e3o era poss\u00edvel identificar a origem, comprometendo a legalidade dos valores recebidos pela candidatura, notou aquela entidade, referiu a ECFP, num processo que ainda n\u00e3o se encontra conclu\u00eddo.<\/p>\n<p>Numa resposta enviada \u00e0 RTP, a ECFP indicou que, no \u00e2mbito da an\u00e1lise \u00e0s contas da campanha presidencial de 2021, \u201cfoi decidida a aplica\u00e7\u00e3o de coima ao candidato Andr\u00e9 Ventura\u201d, que foi objeto de recurso para o Tribunal Constitucional.<\/p>\n","protected":false},"excerpt":{"rendered":"O candidato presidencial e l\u00edder do Chega voltou esta quinta-feira, 8 de janeiro, a afirmar que vai divulgar&hellip;\n","protected":false},"author":2,"featured_media":221162,"comment_status":"","ping_status":"","sticky":false,"template":"","format":"standard","meta":{"footnotes":""},"categories":[10],"tags":[3386,27,28,15,16,14,25,26,21,22,12,13,19,20,32,1076,23,24,33,17,18,29,30,31],"class_list":{"0":"post-221161","1":"post","2":"type-post","3":"status-publish","4":"format-standard","5":"has-post-thumbnail","7":"category-portugal","8":"tag-andre-ventura","9":"tag-breaking-news","10":"tag-breakingnews","11":"tag-featured-news","12":"tag-featurednews","13":"tag-headlines","14":"tag-latest-news","15":"tag-latestnews","16":"tag-main-news","17":"tag-mainnews","18":"tag-news","19":"tag-noticias","20":"tag-noticias-principais","21":"tag-noticiasprincipais","22":"tag-portugal","23":"tag-presidenciais-2026","24":"tag-principais-noticias","25":"tag-principaisnoticias","26":"tag-pt","27":"tag-top-stories","28":"tag-topstories","29":"tag-ultimas","30":"tag-ultimas-noticias","31":"tag-ultimasnoticias"},"share_on_mastodon":{"url":"https:\/\/pubeurope.com\/@pt\/115861578343380792","error":""},"_links":{"self":[{"href":"https:\/\/www.europesays.com\/pt\/wp-json\/wp\/v2\/posts\/221161","targetHints":{"allow":["GET"]}}],"collection":[{"href":"https:\/\/www.europesays.com\/pt\/wp-json\/wp\/v2\/posts"}],"about":[{"href":"https:\/\/www.europesays.com\/pt\/wp-json\/wp\/v2\/types\/post"}],"author":[{"embeddable":true,"href":"https:\/\/www.europesays.com\/pt\/wp-json\/wp\/v2\/users\/2"}],"replies":[{"embeddable":true,"href":"https:\/\/www.europesays.com\/pt\/wp-json\/wp\/v2\/comments?post=221161"}],"version-history":[{"count":0,"href":"https:\/\/www.europesays.com\/pt\/wp-json\/wp\/v2\/posts\/221161\/revisions"}],"wp:featuredmedia":[{"embeddable":true,"href":"https:\/\/www.europesays.com\/pt\/wp-json\/wp\/v2\/media\/221162"}],"wp:attachment":[{"href":"https:\/\/www.europesays.com\/pt\/wp-json\/wp\/v2\/media?parent=221161"}],"wp:term":[{"taxonomy":"category","embeddable":true,"href":"https:\/\/www.europesays.com\/pt\/wp-json\/wp\/v2\/categories?post=221161"},{"taxonomy":"post_tag","embeddable":true,"href":"https:\/\/www.europesays.com\/pt\/wp-json\/wp\/v2\/tags?post=221161"}],"curies":[{"name":"wp","href":"https:\/\/api.w.org\/{rel}","templated":true}]}}