{"id":221170,"date":"2026-01-08T21:28:15","date_gmt":"2026-01-08T21:28:15","guid":{"rendered":"https:\/\/www.europesays.com\/pt\/221170\/"},"modified":"2026-01-08T21:28:15","modified_gmt":"2026-01-08T21:28:15","slug":"ares-com-jared-leto-ja-esta-no-disney-apos-desilusao-nos-cinemas","status":"publish","type":"post","link":"https:\/\/www.europesays.com\/pt\/221170\/","title":{"rendered":"Ares&#8221;, com Jared Leto, j\u00e1 est\u00e1 no Disney+ ap\u00f3s desilus\u00e3o nos cinemas"},"content":{"rendered":"<p>&#8220;Tron: Ares&#8221; chegou ao servi\u00e7o do Disney+ na quarta-feira, 7 de janeiro.<\/p>\n<p>Ser\u00e1 uma oportunidade para ser descoberto pelos subscritores do servi\u00e7o de streaming, praticamente tr\u00eas meses ap\u00f3s a estreia nos cinemas, onde n\u00e3o correspondeu \u00e0s elevadas espectativas do est\u00fadio e foi um dos grandes fracassos comerciais do outono.<\/p>\n<p>A saga de fic\u00e7\u00e3o cient\u00edfica \u00e9 uma das atra\u00e7\u00f5es tem\u00e1ticas mais populares nos parques tem\u00e1ticos, mas o terceiro filme dividiu cr\u00edticos e f\u00e3s, arrecandando 142,2 milh\u00f5es de d\u00f3lares nas bilheteiras mundiais, contra um or\u00e7amento que, dependendo das fontes, ficou entre os 170 e 220 milh\u00f5es.<\/p>\n<p>Para Jared Leto, este foi mais um fracasso desde que ganhou o \u00d3scar por &#8220;O Clube de Dallas&#8221; (2013), com o seu \u00fanico sucesso comercial a ser &#8220;Esquadr\u00e3o Suicida&#8221; (2016), mas onde a sua interpreta\u00e7\u00e3o do Joker dividiu as opini\u00f5es.<\/p>\n<p>O ator interpretou Ares, um programa altamente sofisticado enviado do mundo digital para o mundo real numa miss\u00e3o perigosa, marcando o primeiro encontro e confronto da humanidade com seres de Intelig\u00eancia Artificial.<\/p>\n<p>A longa-metragem realizada por Joachim R\u00f8nning juntou ainda no elenco Greta Lee, Evan Peters, Hasan Minhaj, Jodie Turner-Smith, Arturo Castro, Cameron Monaghan e Gillian Anderson, al\u00e9m do protagonista original Jeff Bridges.<\/p>\n","protected":false},"excerpt":{"rendered":"&#8220;Tron: Ares&#8221; chegou ao servi\u00e7o do Disney+ na quarta-feira, 7 de janeiro. Ser\u00e1 uma oportunidade para ser descoberto&hellip;\n","protected":false},"author":2,"featured_media":221171,"comment_status":"","ping_status":"","sticky":false,"template":"","format":"standard","meta":{"footnotes":""},"categories":[140],"tags":[114,115,147,148,146,32,33],"class_list":{"0":"post-221170","1":"post","2":"type-post","3":"status-publish","4":"format-standard","5":"has-post-thumbnail","7":"category-filmes","8":"tag-entertainment","9":"tag-entretenimento","10":"tag-film","11":"tag-filmes","12":"tag-movies","13":"tag-portugal","14":"tag-pt"},"share_on_mastodon":{"url":"https:\/\/pubeurope.com\/@pt\/115861605814092401","error":""},"_links":{"self":[{"href":"https:\/\/www.europesays.com\/pt\/wp-json\/wp\/v2\/posts\/221170","targetHints":{"allow":["GET"]}}],"collection":[{"href":"https:\/\/www.europesays.com\/pt\/wp-json\/wp\/v2\/posts"}],"about":[{"href":"https:\/\/www.europesays.com\/pt\/wp-json\/wp\/v2\/types\/post"}],"author":[{"embeddable":true,"href":"https:\/\/www.europesays.com\/pt\/wp-json\/wp\/v2\/users\/2"}],"replies":[{"embeddable":true,"href":"https:\/\/www.europesays.com\/pt\/wp-json\/wp\/v2\/comments?post=221170"}],"version-history":[{"count":0,"href":"https:\/\/www.europesays.com\/pt\/wp-json\/wp\/v2\/posts\/221170\/revisions"}],"wp:featuredmedia":[{"embeddable":true,"href":"https:\/\/www.europesays.com\/pt\/wp-json\/wp\/v2\/media\/221171"}],"wp:attachment":[{"href":"https:\/\/www.europesays.com\/pt\/wp-json\/wp\/v2\/media?parent=221170"}],"wp:term":[{"taxonomy":"category","embeddable":true,"href":"https:\/\/www.europesays.com\/pt\/wp-json\/wp\/v2\/categories?post=221170"},{"taxonomy":"post_tag","embeddable":true,"href":"https:\/\/www.europesays.com\/pt\/wp-json\/wp\/v2\/tags?post=221170"}],"curies":[{"name":"wp","href":"https:\/\/api.w.org\/{rel}","templated":true}]}}