{"id":221176,"date":"2026-01-08T21:32:08","date_gmt":"2026-01-08T21:32:08","guid":{"rendered":"https:\/\/www.europesays.com\/pt\/221176\/"},"modified":"2026-01-08T21:32:08","modified_gmt":"2026-01-08T21:32:08","slug":"fosseis-de-773-mil-anos-descobertos-no-marrocos-podem-preencher-lacuna-na-evolucao-humana","status":"publish","type":"post","link":"https:\/\/www.europesays.com\/pt\/221176\/","title":{"rendered":"F\u00f3sseis de 773 mil anos descobertos no Marrocos podem preencher lacuna na evolu\u00e7\u00e3o humana"},"content":{"rendered":"\n<p>\n                Ler Resumo<\/p>\n<ul class=\"resume-list\" id=\"resume-list\" aria-hidden=\"true\">\n<li class=\"section-item section-intro\">\n<p>Introdu\u00e7\u00e3o<\/p>\n<p>F\u00f3sseis raros de 773 mil anos, descobertos no Marrocos, preenchem uma lacuna crucial na evolu\u00e7\u00e3o humana. Eles datam de um per\u00edodo chave, revelando insights sobre a diverg\u00eancia das linhagens de Homo sapiens, neandertais e denisovanos com precis\u00e3o de data\u00e7\u00e3o in\u00e9dita.<\/p>\n<\/li>\n<li class=\"section-item section-topicos\">\n<ul>\n<li>Descoberta de f\u00f3sseis de 773 mil anos em Casablanca, Marrocos, considerada fundamental para a evolu\u00e7\u00e3o humana.<\/li>\n<li>Os homin\u00eddeos viveram em um momento decisivo, marcando o in\u00edcio da diferencia\u00e7\u00e3o entre as linhagens de Homo sapiens, neandertais e denisovanos.<\/li>\n<li>A data\u00e7\u00e3o dos f\u00f3sseis \u00e9 excepcionalmente precisa, com uma margem de erro de apenas quatro mil anos, obtida por magnetostratigrafia.<\/li>\n<li>Os restos n\u00e3o se encaixam em esp\u00e9cies conhecidas, mas representam uma popula\u00e7\u00e3o africana \u201cpouco diferenciada\u201d, pr\u00f3xima ao ancestral comum de humanos modernos e seus \u201cprimos\u201d.<\/li>\n<li>A pesquisa oferece uma pe\u00e7a-chave para entender o per\u00edodo entre 1 milh\u00e3o e 600 mil anos atr\u00e1s, um dos menos documentados no registro f\u00f3ssil africano.<\/li>\n<\/ul>\n<\/li>\n<li class=\"section-item section-info\">\n<p style=\"margin: 0;\">Este resumo foi \u00fatil?<\/p>\n<p>\n                            \ud83d\udc4d<br \/>\ud83d\udc4e\n                        <\/p>\n<p>                    Resumo gerado por ferramenta de IA treinada pela reda\u00e7\u00e3o da Editora Abril.\n                <\/p>\n<\/li>\n<\/ul>\n<p>Um conjunto raro de f\u00f3sseis humanos descoberto na regi\u00e3o de Casablanca, no Marrocos, est\u00e1 ajudando a preencher uma das maiores lacunas do registro da evolu\u00e7\u00e3o humana. <\/p>\n<p>Datados em cerca de 773 mil anos, os restos pertencem a homin\u00eddeos que viveram num momento decisivo da hist\u00f3ria evolutiva, quando as linhagens que mais tarde dariam origem aos humanos modernos, aos <a href=\"https:\/\/super.abril.com.br\/ciencia\/pele-olhos-e-cabelo-qual-era-a-real-aparencia-dos-neandertais\/\" rel=\"nofollow noopener\" target=\"_blank\">neandertais<\/a> e aos <a href=\"https:\/\/super.abril.com.br\/especiais\/a-saga-dos-denisovanos-primos-perdidos-do-homo-sapiens\/\" rel=\"nofollow noopener\" target=\"_blank\">denisovanos<\/a> estavam come\u00e7ando a a se diferenciar.<\/p>\n<p>A descoberta foi descrita em um estudo publicado na revista <a rel=\"sponsored nofollow noopener\" href=\"https:\/\/www.nature.com\/articles\/s41586-025-09914-y\" target=\"_blank\">Nature<\/a>, liderado pelo antrop\u00f3logo Jean-Jacques Hublin, do Coll\u00e8ge de France e do Instituto Max Planck de Antropologia Evolutiva. <\/p>\n<p>Os f\u00f3sseis vieram da Grotte \u00e0 Hominid\u00e9s, uma caverna localizada no s\u00edtio arqueol\u00f3gico de Thomas Quarry I, nos arredores de Casablanca. O local est\u00e1 sendo escavado de forma cont\u00ednua por equipes franco-marroquinas nas \u00faltimas tr\u00eas d\u00e9cadas.<\/p>\n<p>    <img loading=\"lazy\" decoding=\"async\" alt=\"Fotografia do Thomas Quarry I, Grotte \u00e0 Hominid\u00e9s: Mandible ThI-GH-10717 durante a escava\u00e7\u00e3o.\" class=\"size-full wp-image-485738\" src=\"https:\/\/www.europesays.com\/pt\/wp-content\/uploads\/2026\/01\/0801-humanos-layout_Site-3.jpg\" border=\"0\" title=\"0801-humanos-layout_Site-3\" width=\"513\" height=\"681\" data-restrict=\"false\" data-portal-copyright=\"J.P. Raynal, Programme Pr\u00e9histoire de Casablanca\" data-image-caption=\"Uma das mand\u00edbulas encontradas durante as escava\u00e7\u00f5es.\" data-image-title=\"\" data-image-source=\"Divulga\u00e7\u00e3o\"\/><br \/>\n     Como uma das mand\u00edbulas foi encontrada durante as escava\u00e7\u00f5es. (J.P. Raynal, Programme Pr\u00e9histoire de Casablanca\/Divulga\u00e7\u00e3o)<\/p>\n<p>O per\u00edodo entre 1 milh\u00e3o e 600 mil anos atr\u00e1s \u00e9 um dos menos documentados no registro f\u00f3ssil africano. Trata-se justamente do intervalo em que, segundo evid\u00eancias gen\u00e9ticas, a linhagem africana que levaria ao Homo sapiens come\u00e7ou a se separar das popula\u00e7\u00f5es ancestrais dos neandertais e dos denisovanos. <\/p>\n<p>A aus\u00eancia de f\u00f3sseis bem datados desse intervalo sempre dificultou a reconstru\u00e7\u00e3o desse processo. Por isso, a idade e o contexto dos restos marroquinos s\u00e3o considerados especialmente relevantes.<\/p>\n<p>    Continua ap\u00f3s a publicidade<\/p>\n<p>Compartilhe essa mat\u00e9ria via:<\/p>\n<p>O conjunto de f\u00f3sseis inclui uma mand\u00edbula adulta quase completa, metade de outra mand\u00edbula adulta, a mand\u00edbula de uma crian\u00e7a com cerca de um ano e meio, dentes isolados, v\u00e9rtebras e um f\u00eamur.\u00a0<\/p>\n<p>    <img loading=\"lazy\" decoding=\"async\" alt=\"Imagem da Mand\u00edbulas inferiores (maxilares) do Norte da \u00c1frica, ilustrando a varia\u00e7\u00e3o entre homin\u00eddeos f\u00f3sseis e humanos modernos. Os f\u00f3sseis mostrados s\u00e3o Tighennif 3 da Arg\u00e9lia (canto superior esquerdo), ThI-GH-10717 da Pedreira Thomas em Marrocos (canto superior direito) e Jebel Irhoud 11 de Marrocos (canto inferior esquerdo), comparados com uma mand\u00edbula de um humano moderno recente (canto inferior direito). Todos os esp\u00e9cimes s\u00e3o mostrados na mesma escala, permitindo a compara\u00e7\u00e3o direta de seu tamanho e forma.\" class=\"size-full wp-image-485737\" src=\"https:\/\/www.europesays.com\/pt\/wp-content\/uploads\/2026\/01\/0801-humanos-layout_Site-2.jpg\" border=\"0\" title=\"0801-humanos-layout_Site-2\" width=\"1024\" height=\"682\" data-restrict=\"false\" data-portal-copyright=\"Philipp Gunz, MPI for Evolutionary Anthropology\" data-image-caption=\"Mand\u00edbulas inferiores (maxilares) do Norte da \u00c1frica, ilustrando a varia\u00e7\u00e3o entre homin\u00eddeos f\u00f3sseis e humanos modernos. Os f\u00f3sseis mostrados s\u00e3o Tighennif 3 da Arg\u00e9lia (canto superior esquerdo), ThI-GH-10717 da Pedreira Thomas em Marrocos (canto superior direito) e Jebel Irhoud 11 de Marrocos (canto inferior esquerdo), comparados com uma mand\u00edbula de um humano moderno recente (canto inferior direito). Todos os esp\u00e9cimes s\u00e3o mostrados na mesma escala, permitindo a compara\u00e7\u00e3o direta de seu tamanho e forma.\" data-image-title=\"\" data-image-source=\"Divulga\u00e7\u00e3o\"\/><br \/>\n     Mand\u00edbulas inferiores (maxilares) do Norte da \u00c1frica, ilustrando a varia\u00e7\u00e3o entre homin\u00eddeos f\u00f3sseis e humanos modernos. Os f\u00f3sseis mostrados s\u00e3o Tighennif 3 da Arg\u00e9lia (canto superior esquerdo), ThI-GH-10717 da Pedreira Thomas em Marrocos (canto superior direito) e Jebel Irhoud 11 de Marrocos (canto inferior esquerdo), comparados com uma mand\u00edbula de um humano moderno recente (canto inferior direito). (Philipp Gunz, MPI for Evolutionary Anthropology\/Divulga\u00e7\u00e3o)<\/p>\n<p>As an\u00e1lises indicam que a caverna funcionava principalmente como uma toca de grandes carn\u00edvoros.<\/p>\n<p>O f\u00eamur apresenta marcas claras de mordidas, provavelmente deixadas por uma hiena ap\u00f3s a morte do indiv\u00edduo. Isso sugere que os homin\u00eddeos usavam o local de forma ocasional e que, apesar de capazes de ca\u00e7ar, tamb\u00e9m podiam ser v\u00edtimas dos predadores que dominavam a paisagem.<\/p>\n<p>    Continua ap\u00f3s a publicidade<\/p>\n<p>Na \u00e9poca em que esses indiv\u00edduos viveram, o litoral atl\u00e2ntico do atual Marrocos era marcado por dunas, sistemas de cavernas costeiras, \u00e1reas alagadas e p\u00e2ntanos, moldados por oscila\u00e7\u00f5es repetidas do n\u00edvel do mar. Era um ambiente rico em recursos, frequentado por grandes herb\u00edvoros e carn\u00edvoros, como felinos, hienas, crocodilos e hipop\u00f3tamos, oferecendo oportunidades, mas tamb\u00e9m riscos, para os grupos humanos.<\/p>\n<p>Data\u00e7\u00e3o precisa<\/p>\n<p>Um dos pontos centrais do estudo \u00e9 a precis\u00e3o da data\u00e7\u00e3o dos f\u00f3sseis. Estabelecer a idade de restos humanos t\u00e3o antigos costuma ser dif\u00edcil, mas a caverna preservou um registro geol\u00f3gico excepcional. A chave est\u00e1 no campo magn\u00e9tico da Terra, que ao longo de sua hist\u00f3ria j\u00e1 inverteu v\u00e1rias vezes sua polaridade. Isso significa que, em determinados momentos, o polo norte magn\u00e9tico passou a apontar para o sul e vice-versa.<\/p>\n<p>Essas invers\u00f5es ocorrem em escala global e deixam marcas nos sedimentos. Quando part\u00edculas minerais se depositam no solo, elas se alinham \u00e0 dire\u00e7\u00e3o do campo magn\u00e9tico existente naquele momento, como pequenas b\u00fassolas naturais. <\/p>\n<p>Se o campo muda, esse alinhamento tamb\u00e9m muda, criando um registro cronol\u00f3gico compar\u00e1vel a um \u201cc\u00f3digo de barras\u201d geol\u00f3gico. Uma dessas invers\u00f5es, chamada transi\u00e7\u00e3o Matuyama\u2013Brunhes, ocorreu h\u00e1 cerca de 773 mil anos e \u00e9 um dos marcos mais bem estabelecidos da hist\u00f3ria recente do planeta.<\/p>\n<p>Por meio de magnetoestratigrafia de alta resolu\u00e7\u00e3o, os pesquisadores analisaram 180 amostras de sedimentos da caverna e identificaram com clareza o n\u00edvel em que essa invers\u00e3o ocorreu. Os f\u00f3sseis humanos estavam exatamente em sedimentos depositados durante essa transi\u00e7\u00e3o, o que permitiu fixar sua idade com uma margem de erro de cerca de quatro mil anos, algo raro para f\u00f3sseis africanos desse per\u00edodo.<\/p>\n<p>    Continua ap\u00f3s a publicidade<\/p>\n<p>    Continua ap\u00f3s a publicidade<\/p>\n<p><strong data-start=\"0\" data-end=\"39\">Afinal, quem eram esses homin\u00eddeos?<\/strong><\/p>\n<p>A resposta curta \u00e9: eles n\u00e3o pertenciam a nenhuma esp\u00e9cie humana j\u00e1 definida, mas ocupavam uma posi\u00e7\u00e3o muito pr\u00f3xima da base comum das linhagens que mais tarde dariam origem ao Homo sapiens, aos neandertais e aos denisovanos. O material f\u00f3ssil \u00e9 insuficiente para batiz\u00e1-los como uma nova esp\u00e9cie, mas tamb\u00e9m detalhado demais para encaix\u00e1-los com seguran\u00e7a em grupos conhecidos.<\/p>\n<p>Do ponto de vista anat\u00f4mico, eles n\u00e3o apresentam as propor\u00e7\u00f5es corporais nem as caracter\u00edsticas cranianas t\u00edpicas do Homo erectus, a esp\u00e9cie arcaica de homin\u00eddeo que se espalhou pela \u00c1frica e pela Eur\u00e1sia a partir de cerca de 1,9 milh\u00e3o de anos atr\u00e1s. Ao mesmo tempo, tamb\u00e9m n\u00e3o exibem tra\u00e7os que, em f\u00f3sseis europeus como os de Gran Dolina (Espanha), j\u00e1 apontam para o caminho evolutivo que levaria aos neandertais. <\/p>\n<p>As an\u00e1lises dos dentes s\u00e3o particularmente reveladoras nesse sentido: a estrutura interna preserva um padr\u00e3o mais primitivo e generalista, sem as especializa\u00e7\u00f5es caracter\u00edsticas dos neandertais.<\/p>\n<p>Esse conjunto de caracter\u00edsticas sugere que os homin\u00eddeos da Grotte \u00e0 Hominid\u00e9s representam uma popula\u00e7\u00e3o africana ainda pouco diferenciada, vivendo num momento em que a \u00e1rvore evolutiva humana come\u00e7ava a se ramificar, mas antes que essas ramifica\u00e7\u00f5es se tornassem n\u00edtidas no registro f\u00f3ssil. Em outras palavras, eles parecem estar pr\u00f3ximos do tronco comum, n\u00e3o de um dos galhos j\u00e1 bem definidos.<\/p>\n<p>    Continua ap\u00f3s a publicidade<\/p>\n<p>As semelhan\u00e7as pontuais com f\u00f3sseis europeus indicam que popula\u00e7\u00f5es humanas muito antigas circularam entre o noroeste da \u00c1frica e o sul da Europa em per\u00edodos anteriores, quando o clima permitia travessias e conex\u00f5es ecol\u00f3gicas. No entanto, por volta de 773 mil anos atr\u00e1s, essas popula\u00e7\u00f5es j\u00e1 seguiam trajet\u00f3rias evolutivas distintas, o que explica por que os f\u00f3sseis marroquinos n\u00e3o se confundem com os de Gran Dolina.<\/p>\n<p>\u201cEu seria cauteloso em classific\u00e1-los como \u2018o \u00faltimo ancestral comum\u2019\u201d, disse Hublin \u00e0 <a href=\"https:\/\/www.reuters.com\/science\/fossils-found-moroccan-cave-may-be-close-homo-sapiens-ancestor-2026-01-07\/#:~:text=WASHINGTON%2C%20Jan%207%20(Reuters),close%20ancestors%20of%20our%20species.\" rel=\"nofollow noopener\" target=\"_blank\">Reuters<\/a>, \u201cmas eles s\u00e3o plausivelmente pr\u00f3ximos das popula\u00e7\u00f5es das quais emergiram as linhagens africanas posteriores e as eurasi\u00e1ticas\u201d.\u00a0<\/p>\n<p>Ao <a href=\"https:\/\/www.nytimes.com\/2026\/01\/07\/science\/morocco-fossils-human-evolution.html\" rel=\"nofollow noopener\" target=\"_blank\">New York Times<\/a>, ele acrescentou: \u201cA evolu\u00e7\u00e3o humana \u00e9, em grande parte, uma hist\u00f3ria de extin\u00e7\u00f5es. \u00c9 dif\u00edcil dizer se essa popula\u00e7\u00e3o deixou descendentes, mas ela oferece uma boa ideia de como pode ter sido o \u00faltimo ancestral comum.\u201d<\/p>\n<p>AS MAIS LIDAS DA SEMANA<\/p>\n<p>\n                            Toda sexta, uma sele\u00e7\u00e3o das reportagens que mais bombaram no site da Super ao longo da semana.<br \/>\n                                <strong><br \/>\n                                    Inscreva-se aqui<br \/>\n                                <\/strong><\/p>\n<p>                            Cadastro efetuado com sucesso!<\/p>\n<p>Voc\u00ea receber\u00e1 nossas newsletters pela manh\u00e3 de segunda a sexta-feira.<\/p>\n<p><\/p>\n","protected":false},"excerpt":{"rendered":"Ler Resumo Introdu\u00e7\u00e3o F\u00f3sseis raros de 773 mil anos, descobertos no Marrocos, preenchem uma lacuna crucial na evolu\u00e7\u00e3o&hellip;\n","protected":false},"author":2,"featured_media":221177,"comment_status":"","ping_status":"","sticky":false,"template":"","format":"standard","meta":{"footnotes":""},"categories":[84],"tags":[109,107,108,32,33,105,103,104,106,110],"class_list":{"0":"post-221176","1":"post","2":"type-post","3":"status-publish","4":"format-standard","5":"has-post-thumbnail","7":"category-ciencia-e-tecnologia","8":"tag-ciencia","9":"tag-ciencia-e-tecnologia","10":"tag-cienciaetecnologia","11":"tag-portugal","12":"tag-pt","13":"tag-science","14":"tag-science-and-technology","15":"tag-scienceandtechnology","16":"tag-technology","17":"tag-tecnologia"},"share_on_mastodon":{"url":"https:\/\/pubeurope.com\/@pt\/115861621960900817","error":""},"_links":{"self":[{"href":"https:\/\/www.europesays.com\/pt\/wp-json\/wp\/v2\/posts\/221176","targetHints":{"allow":["GET"]}}],"collection":[{"href":"https:\/\/www.europesays.com\/pt\/wp-json\/wp\/v2\/posts"}],"about":[{"href":"https:\/\/www.europesays.com\/pt\/wp-json\/wp\/v2\/types\/post"}],"author":[{"embeddable":true,"href":"https:\/\/www.europesays.com\/pt\/wp-json\/wp\/v2\/users\/2"}],"replies":[{"embeddable":true,"href":"https:\/\/www.europesays.com\/pt\/wp-json\/wp\/v2\/comments?post=221176"}],"version-history":[{"count":0,"href":"https:\/\/www.europesays.com\/pt\/wp-json\/wp\/v2\/posts\/221176\/revisions"}],"wp:featuredmedia":[{"embeddable":true,"href":"https:\/\/www.europesays.com\/pt\/wp-json\/wp\/v2\/media\/221177"}],"wp:attachment":[{"href":"https:\/\/www.europesays.com\/pt\/wp-json\/wp\/v2\/media?parent=221176"}],"wp:term":[{"taxonomy":"category","embeddable":true,"href":"https:\/\/www.europesays.com\/pt\/wp-json\/wp\/v2\/categories?post=221176"},{"taxonomy":"post_tag","embeddable":true,"href":"https:\/\/www.europesays.com\/pt\/wp-json\/wp\/v2\/tags?post=221176"}],"curies":[{"name":"wp","href":"https:\/\/api.w.org\/{rel}","templated":true}]}}