{"id":221188,"date":"2026-01-08T21:40:12","date_gmt":"2026-01-08T21:40:12","guid":{"rendered":"https:\/\/www.europesays.com\/pt\/221188\/"},"modified":"2026-01-08T21:40:12","modified_gmt":"2026-01-08T21:40:12","slug":"francisco-monteiro-lanca-alfinetada-a-ines-morais-nao-foi-assim-que-ganhaste-de-certeza-primeira-companhia","status":"publish","type":"post","link":"https:\/\/www.europesays.com\/pt\/221188\/","title":{"rendered":"Francisco Monteiro lan\u00e7a alfinetada a In\u00eas Morais: \u00abN\u00e3o foi assim que ganhaste de certeza\u00bb &#8211; Primeira Companhia"},"content":{"rendered":"<p><strong>Francisco Monteiro<\/strong> come\u00e7ou a dar aulas de padel a <strong>In\u00eas Morais<\/strong> e a <strong>Carolina Nunes<\/strong>. Esta tarde, aparentemente, as ex concorrentes do Big Brother tinham treino \u00e0s 15h e chegaram <strong>40 minutos atrasadas<\/strong>. O vencedor do Big Brother 2023, perguntou a In\u00eas: \u00abN\u00e3o tens nada a dizer?\u00bb, ao que a colega respondeu que n\u00e3o. De seguida, Zaza disse, sem papas na l\u00edngua: <strong>\u00abN\u00e3o foi assim que ganhaste de certeza\u00bb<\/strong>, fazendo alus\u00e3o \u00e0s duas vit\u00f3rias que In\u00eas teve nos reality shows que participou.\u00a0<\/p>\n<p>No final da aula, Monteiro gravou um v\u00eddeo a gozar com as alunas a prop\u00f3sito do treino e afirmou ainda em tom de riso: \u00abEu devia ter gravado esta aula\u00bb.<\/p>\n<p>Francisco Monteiro,<a href=\"https:\/\/tvi.iol.pt\/secretstory\/ines-morais\/joao-ricardo\/ines-morais-revela-episodio-privado-com-joao-ricardo-e-levanta-rumores-de-romance\" rel=\"nofollow noopener\" target=\"_blank\"> In\u00eas Morais<\/a> e <a href=\"https:\/\/tvi.iol.pt\/secretstory\/carolina-nunes\/amigo-especial\/carolina-nunes-tem-pessoa-especial-dentro-do-secret-story-9-vou-estar-aqui-para-tudo\" rel=\"nofollow noopener\" target=\"_blank\">Carolina Nunes<\/a> participaram ambos em reality shows e parecem estar mais pr\u00f3ximos do que nunca.<\/p>\n<p>\u00a0<\/p>\n<p>\u00a0<\/p>\n","protected":false},"excerpt":{"rendered":"Francisco Monteiro come\u00e7ou a dar aulas de padel a In\u00eas Morais e a Carolina Nunes. Esta tarde, aparentemente,&hellip;\n","protected":false},"author":2,"featured_media":221189,"comment_status":"","ping_status":"","sticky":false,"template":"","format":"standard","meta":{"footnotes":""},"categories":[142],"tags":[41536,114,115,18705,2071,6520,32,33,151,41535],"class_list":{"0":"post-221188","1":"post","2":"type-post","3":"status-publish","4":"format-standard","5":"has-post-thumbnail","7":"category-tv","8":"tag-bastidores-da-recruta","9":"tag-entertainment","10":"tag-entretenimento","11":"tag-entrevistas-concorrentes-tvi","12":"tag-francisco-monteiro","13":"tag-ines-morais","14":"tag-portugal","15":"tag-pt","16":"tag-tv","17":"tag-vida-fora-da-base"},"share_on_mastodon":{"url":"https:\/\/pubeurope.com\/@pt\/115861653032364359","error":""},"_links":{"self":[{"href":"https:\/\/www.europesays.com\/pt\/wp-json\/wp\/v2\/posts\/221188","targetHints":{"allow":["GET"]}}],"collection":[{"href":"https:\/\/www.europesays.com\/pt\/wp-json\/wp\/v2\/posts"}],"about":[{"href":"https:\/\/www.europesays.com\/pt\/wp-json\/wp\/v2\/types\/post"}],"author":[{"embeddable":true,"href":"https:\/\/www.europesays.com\/pt\/wp-json\/wp\/v2\/users\/2"}],"replies":[{"embeddable":true,"href":"https:\/\/www.europesays.com\/pt\/wp-json\/wp\/v2\/comments?post=221188"}],"version-history":[{"count":0,"href":"https:\/\/www.europesays.com\/pt\/wp-json\/wp\/v2\/posts\/221188\/revisions"}],"wp:featuredmedia":[{"embeddable":true,"href":"https:\/\/www.europesays.com\/pt\/wp-json\/wp\/v2\/media\/221189"}],"wp:attachment":[{"href":"https:\/\/www.europesays.com\/pt\/wp-json\/wp\/v2\/media?parent=221188"}],"wp:term":[{"taxonomy":"category","embeddable":true,"href":"https:\/\/www.europesays.com\/pt\/wp-json\/wp\/v2\/categories?post=221188"},{"taxonomy":"post_tag","embeddable":true,"href":"https:\/\/www.europesays.com\/pt\/wp-json\/wp\/v2\/tags?post=221188"}],"curies":[{"name":"wp","href":"https:\/\/api.w.org\/{rel}","templated":true}]}}