{"id":221212,"date":"2026-01-08T21:56:17","date_gmt":"2026-01-08T21:56:17","guid":{"rendered":"https:\/\/www.europesays.com\/pt\/221212\/"},"modified":"2026-01-08T21:56:17","modified_gmt":"2026-01-08T21:56:17","slug":"programacao-de-cinema-portal-engeplus-5","status":"publish","type":"post","link":"https:\/\/www.europesays.com\/pt\/221212\/","title":{"rendered":"Programa\u00e7\u00e3o de Cinema &#8211; Portal Engeplus"},"content":{"rendered":"<ol>\n<li><a href=\"https:\/\/news.google.com\/rss\/articles\/CBMidkFVX3lxTE10ZTBMUXMxVHo1YnpXb0pLUFlvVEg3bEx4UFc0di1ZR3hXbzIwb2JhVm1QTHozQjBTenptUkplTFlzSWkyVFZJSWVlR2RTd3NRbUF4WG1SU0w3ekttZ3o5N2t0UWl0TEczRXdkdTRhMnVZcGFsbWc?oc=5\" target=\"_blank\" rel=\"nofollow noopener\">Programa\u00e7\u00e3o de Cinema<\/a>&nbsp;&nbsp;Portal Engeplus<\/li>\n<li><a href=\"https:\/\/news.google.com\/rss\/articles\/CBMi8AFBVV95cUxOdG9ZLVlYbUViOF90YzYwYkdQLU45Y3A5SEk5bDFQUWV1QUVRZlFyd0hyTlg5Y0l0eDFudV80RnNQdTMxYlpkcXV2TzFNWFVjeVJJaVIzTmlKZk93eWxEeGZMZ3dJMVRzeE0tekNZNXB4VGc0SnpfVkl5SkN4Q1JINWF0NzN4ZTRGUEJ2d0dTUFJoUmF6aG1DaXd6V09US0U3TDBBaG5PX01ZZG15N2o2d2FRY3dZenR6ZHhzRzF3bTNCLVJ5VTNQUklBeW1tcWZlQ1VId3d5dWM3dGhmRHRrVlBOT2FfNFVsN0t1dmFWZ0rSAf8BQVVfeXFMTl9zdEw5S245OGN2eklxV2xRUlVrZEZLaXV5SXRSM1hKVEZlTEhvaW9NZ01sMllaMEdfOW5xd2dCYVEwUnQ5Vng0MXNDT2xDQ0FfT000SnlfamZoRy1zR3ZMWXc1bDYxYjNhRjVrS2JzSzRtVkxDWTZuMWxaUjluYVhFUGE0bnFzdkNHMDFvNWpqakVUUUxzWFo0bUJCOVVudllJamxFSVVVTXJTN3A3WFdxMFpFbHFXRGxUeGJFSjdJb1pFSS00YWtHQ2l1em9QNkZNN2s1YXN2dGoxWDY0cTcxRUROUmhBNG1Fby05OUIxWk1uLWpsQkl3bmNzWS1B?oc=5\" target=\"_blank\" rel=\"nofollow noopener\">Marcus Majella faz homenagem para Paulo Gustavo em divulga\u00e7\u00e3o de novo filme: &#8216;Voc\u00ea est\u00e1 em cada cena&#8217;<\/a>&nbsp;&nbsp;Extra online<\/li>\n<li><a href=\"https:\/\/news.google.com\/rss\/articles\/CBMiwwFBVV95cUxOUmZqVUxDNEZTbnJCN2I5eVh1WVYxdXM3OURnY2x0bDRiX0pjZE5IeksxRGR6Yy0zbjd3SzRLQkwwek1tQS1LMWFkUmJ3N1JIN0VxbGt0dmNlOXpDckM0WDV2b2FSVjJGeDVjczBTS255b2ZNYm51b3RMUjZvaTd4NGNUMENIY1NVS0ZHVGk4LW1RMVM1VDZ0MXNwY2Z2VXE2TXJCeTZCZkNwZFVCNEhaTjl0Q0xZNHoxSjlqTXdxdUNDd03SAcgBQVVfeXFMT0M3OWluN1BCN28xQ3Q5WjNLU2loRHNITU9uY3hObVRLcjNoV29neVhiTkJoSzRfcExSVHB6dC1qZFlqZGlOaEdVekk1VjUxdmsyR1g1VS11aXpNSHVIeC1NM0dxZGp0dDFIekJVMVZwNmR2WjZtMUVybWVpMVdCMEtIOFRIeGY3Wm82Nmw0RXNkbWlLWHc0dFFNRUpCYW1UX0N6SmtzVnNZeS0xZG1xSjVlQlB0UjlXQVNwVUxnaFp5UEtrRGIzbXk?oc=5\" target=\"_blank\" rel=\"nofollow noopener\">Filme criado por Paulo Gustavo sobre dupla de policiais gays estreia em BH<\/a>&nbsp;&nbsp;Estado de Minas<\/li>\n<li><a href=\"https:\/\/news.google.com\/rss\/articles\/CBMitwFBVV95cUxQbUpUUjJsSGVZc1Q1ckpxN3BtT20zRXUxN0kxSVZZTDBYSEx6blVIcmJUampnSHR4RXdaM00xMlZDQ1hJMnladFV2LUw1R0c1dnRta09pYkU2UU1KT29wc3R1RFV3UUFOODZqVW50Q1JQMW82d3haWTd1VWQ4ZnBYcTZ6bkdpM2ZGM1FLTFl4RlZFM1gxTng0NlJyWmt1d3NrSWZuc1o1NUdRSEE0elRrVndpaURaenc?oc=5\" target=\"_blank\" rel=\"nofollow noopener\">Paulo Gustavo est\u00e1 por tr\u00e1s da hist\u00f3ria de &#8216;Agentes Muito Especiais&#8217;<\/a>&nbsp;&nbsp;O TEMPO<\/li>\n<li><a href=\"https:\/\/news.google.com\/rss\/articles\/CBMirwFBVV95cUxPMWx0VUNKcUtKdXJ1QUpMRHRYUVNLU2R4dmViNWFhVXJtVnlLSzZVOXdMM0dadnQtWnFrdUg4VEwydG81aE1RdFVBcUhmUTlHV0t4aXRfOTRjb0J0ckcyNDNUREdxUUpfOTZ5RGYxSXk5SWh3YXV5TEtlUjVkSWhsNm9OcXRTUEY1aE0yZTVHR1hDcGtScVp0WFVpR0RZZXlYMm1rNGJVcnNUR210NENB?oc=5\" target=\"_blank\" rel=\"nofollow noopener\">CINEMARK | \u201cAgentes Muito Especiais\u201d estreia hoje em Varginha; confira o que assistir<\/a>&nbsp;&nbsp;BLOG DO MADEIRA<\/li>\n<\/ol>\n","protected":false},"excerpt":{"rendered":"Programa\u00e7\u00e3o de Cinema&nbsp;&nbsp;Portal Engeplus Marcus Majella faz homenagem para Paulo Gustavo em divulga\u00e7\u00e3o de novo filme: &#8216;Voc\u00ea est\u00e1&hellip;\n","protected":false},"author":2,"featured_media":221213,"comment_status":"","ping_status":"","sticky":false,"template":"","format":"standard","meta":{"footnotes":""},"categories":[140],"tags":[25187,27097,10510,476,27101,114,115,147,148,27099,549,146,13,27098,32,27100,33,3801,117,1717,11669,4665,30],"class_list":{"0":"post-221212","1":"post","2":"type-post","3":"status-publish","4":"format-standard","5":"has-post-thumbnail","7":"category-filmes","8":"tag-ararangua","9":"tag-atualidades","10":"tag-criciuma","11":"tag-economia","12":"tag-engeplus","13":"tag-entertainment","14":"tag-entretenimento","15":"tag-film","16":"tag-filmes","17":"tag-icara","18":"tag-internet","19":"tag-movies","20":"tag-noticias","21":"tag-portal-engeplus","22":"tag-portugal","23":"tag-provedor","24":"tag-pt","25":"tag-santa-catarina","26":"tag-saude","27":"tag-seguranca","28":"tag-transito","29":"tag-tubarao","30":"tag-ultimas-noticias"},"share_on_mastodon":{"url":"https:\/\/pubeurope.com\/@pt\/115861716517582719","error":""},"_links":{"self":[{"href":"https:\/\/www.europesays.com\/pt\/wp-json\/wp\/v2\/posts\/221212","targetHints":{"allow":["GET"]}}],"collection":[{"href":"https:\/\/www.europesays.com\/pt\/wp-json\/wp\/v2\/posts"}],"about":[{"href":"https:\/\/www.europesays.com\/pt\/wp-json\/wp\/v2\/types\/post"}],"author":[{"embeddable":true,"href":"https:\/\/www.europesays.com\/pt\/wp-json\/wp\/v2\/users\/2"}],"replies":[{"embeddable":true,"href":"https:\/\/www.europesays.com\/pt\/wp-json\/wp\/v2\/comments?post=221212"}],"version-history":[{"count":0,"href":"https:\/\/www.europesays.com\/pt\/wp-json\/wp\/v2\/posts\/221212\/revisions"}],"wp:featuredmedia":[{"embeddable":true,"href":"https:\/\/www.europesays.com\/pt\/wp-json\/wp\/v2\/media\/221213"}],"wp:attachment":[{"href":"https:\/\/www.europesays.com\/pt\/wp-json\/wp\/v2\/media?parent=221212"}],"wp:term":[{"taxonomy":"category","embeddable":true,"href":"https:\/\/www.europesays.com\/pt\/wp-json\/wp\/v2\/categories?post=221212"},{"taxonomy":"post_tag","embeddable":true,"href":"https:\/\/www.europesays.com\/pt\/wp-json\/wp\/v2\/tags?post=221212"}],"curies":[{"name":"wp","href":"https:\/\/api.w.org\/{rel}","templated":true}]}}