{"id":221222,"date":"2026-01-08T22:02:12","date_gmt":"2026-01-08T22:02:12","guid":{"rendered":"https:\/\/www.europesays.com\/pt\/221222\/"},"modified":"2026-01-08T22:02:12","modified_gmt":"2026-01-08T22:02:12","slug":"saiu-o-ditador-mas-nao-a-ditadura-sebastiao-bugalho-defende-legalidade-democratica-apos-detencao-de-maduro","status":"publish","type":"post","link":"https:\/\/www.europesays.com\/pt\/221222\/","title":{"rendered":"&#8220;Saiu o ditador, mas n\u00e3o a ditadura.&#8221; Sebasti\u00e3o Bugalho defende legalidade democr\u00e1tica ap\u00f3s deten\u00e7\u00e3o de Maduro"},"content":{"rendered":"<p data-remotead-prev-elm=\"true\" data-remotead-elm-id=\"inread\">O eurodeputado Sebasti\u00e3o Bugalho alerta para a <strong>persist\u00eancia de um quadro de incerteza pol\u00edtica na Venezuela ap\u00f3s a deten\u00e7\u00e3o de Nicol\u00e1s Maduro<\/strong>. Defendendo que o futuro do pa\u00eds deve ser decidido pelos venezuelanos, Bugalho lamenta que a deten\u00e7\u00e3o de Nicol\u00e1s Maduro n\u00e3o tenha alterado, para j\u00e1, as estruturas de poder, nem aberto um caminho claro para uma transi\u00e7\u00e3o democr\u00e1tica.<\/p>\n<p>Em entrevista ao <strong>programa da TSF Fontes Europeias<\/strong>, o eurodeputado afirma que a sa\u00edda de Maduro da cena pol\u00edtica n\u00e3o significa, por si s\u00f3, o fim do regime. &#8220;Infelizmente, acho que ainda n\u00e3o podemos dizer isso. Sabemos o que aconteceu, mas n\u00e3o sabemos o que vai acontecer&#8221;, diz, considerando que, <strong>por agora, apenas &#8220;saiu o ditador, mas n\u00e3o est\u00e1 a sair a ditadura&#8221;.<\/strong><\/p>\n<p data-remotead-prev-elm=\"true\" data-remotead-elm-id=\"centro1\">Bugalho aponta para a perman\u00eancia das estruturas centrais do poder e dos mecanismos de repress\u00e3o como fatores determinantes dessa incerteza, referindo que o aparelho de Estado permanece intacto e que as principais figuras do regime continuam em fun\u00e7\u00f5es. Al\u00e9m disso, <strong>a atual Presidente interina mant\u00e9m uma linha pol\u00edtica que classificou como &#8220;t\u00e3o ou mais brutal do ponto de vista pol\u00edtico do que Nicol\u00e1s Maduro&#8221;<\/strong>. Bugalho acrescenta ainda que &#8220;o aparelho de repress\u00e3o do Estado e os grupos paramilitares nas ruas de Caracas continuam l\u00e1&#8221; e que &#8220;os presos pol\u00edticos continuam detidos&#8221;, concluindo que &#8220;n\u00e3o h\u00e1 ainda motivos para celebrar&#8221;.<\/p>\n<p>Estados Unidos<\/p>\n<p>Questionado sobre compara\u00e7\u00f5es entre a opera\u00e7\u00e3o norte-americana na Venezuela e a invas\u00e3o russa da Ucr\u00e2nia, o eurodeputado rejeita qualquer equival\u00eancia, afirmando ficar &#8220;mesmo chocado&#8221; com esse tipo de leituras. Bugalho sublinha que <strong>&#8220;os Estados Unidos da Am\u00e9rica n\u00e3o invadiram militarmente a Venezuela&#8221;, nem &#8220;anexaram nenhum territ\u00f3rio venezuelano&#8221;<\/strong>, acrescentando que, <strong>&#8220;at\u00e9 ver&#8221;, Washington &#8220;ainda nem sequer fomentou um golpe de Estado, porque o estado de coisas continua o mesmo&#8221;<\/strong>.<\/p>\n<p>Admitiu, por outro lado, perplexidade face \u00e0s declara\u00e7\u00f5es iniciais do Presidente norte-americano sobre a oposi\u00e7\u00e3o venezuelana, classificando-as como &#8220;desanimadoras&#8221; e contrap\u00f4s essa posi\u00e7\u00e3o \u00e0s palavras do secret\u00e1rio de Estado Marco Rubio, que considerou mais moderadas. Bugalho recorda que &#8220;quase oito a nove milh\u00f5es de venezuelanos sa\u00edram do pa\u00eds desde 2014&#8221; e <strong>defende que uma transi\u00e7\u00e3o democr\u00e1tica exige protagonistas pol\u00edticos capazes de a liderar<\/strong>.<\/p>\n<p data-remotead-prev-elm=\"true\" data-remotead-elm-id=\"centro2\">O eurodeputado considera que o <strong>futuro da Venezuela deve ser &#8220;decidido pelos venezuelanos e por aqueles que os escolhem nas urnas, democraticamente&#8221;<\/strong>, referindo ser &#8220;muito claro que a l\u00edder das for\u00e7as democr\u00e1ticas da Venezuela \u00e9 Mar\u00eda Corina Machado&#8221;. Sebasti\u00e3o Bugalho reconhece, por\u00e9m, que Corina Machado n\u00e3o tem, com o aparelho armado do Estado, a mesma rela\u00e7\u00e3o que tem na base civil. &#8220;A quest\u00e3o aqui \u00e9 a lealdade do aparelho militar&#8221;, frisa.<\/p>\n<p>Uni\u00e3o Europeia<\/p>\n<p>No plano europeu, o eurodeputado valoriza a declara\u00e7\u00e3o subscrita por 26 Estados-membros que separa a ilegitimidade de Maduro da soberania venezuelana e defende uma solu\u00e7\u00e3o democr\u00e1tica liderada por venezuelanos. No entanto, observa que <strong>os Estados Unidos, embora falem em &#8220;prosperidade&#8221; e &#8220;sucesso&#8221;, ainda &#8220;n\u00e3o usam a palavra democracia&#8221;, nem definem um calend\u00e1rio para elei\u00e7\u00f5es livres<\/strong>.<\/p>\n<p>O eurodeputado recorda a resolu\u00e7\u00e3o do Parlamento Europeu aprovada em setembro de 2024, que reconheceu Edmundo Gonz\u00e1lez como vencedor das elei\u00e7\u00f5es presidenciais, sublinhando que foi o pr\u00f3prio Sebasti\u00e3o Bugalho quem a redigiu e negociou. Na sua avalia\u00e7\u00e3o, esse reconhecimento foi decisivo para garantir &#8220;refer\u00eancias democr\u00e1ticas&#8221; no atual contexto venezuelano. Acrescenta que os cr\u00edticos dessa resolu\u00e7\u00e3o &#8220;t\u00eam muito pouca moral para vir agora falar sobre o futuro da Venezuela&#8221;.<\/p>\n<p data-remotead-prev-elm=\"true\" data-remotead-elm-id=\"centro3\">O eurodeputado diz manter a <strong>expectativa de assistir presencialmente \u00e0 tomada de posse do Presidente eleito<\/strong>, afirmando: &#8220;Eu espero mesmo l\u00e1 estar.&#8221;<\/p>\n<p>Gronel\u00e2ndia<\/p>\n<p>Questionado sobre a Gronel\u00e2ndia, Bugalho considera que a <strong>Uni\u00e3o Europeia deve manter a posi\u00e7\u00e3o que sempre adotou, &#8220;defendendo as suas fronteiras e a soberania do seu territ\u00f3rio&#8221;<\/strong> e afastando cen\u00e1rios de dramatiza\u00e7\u00e3o.<\/p>\n<blockquote class=\"ngx-blockquote\">\n<p><strong>&#8220;Sem querer cair no excesso de otimismo, creio que os Estados Unidos da Am\u00e9rica querer\u00e3o aumentar a depend\u00eancia da Gronel\u00e2ndia do ponto de vista econ\u00f3mico. N\u00e3o espera uma interven\u00e7\u00e3o militar americana&#8221;, afirma.<\/strong><\/p>\n<\/blockquote>\n<p>O eurodeputado rejeita a ideia de que a efic\u00e1cia da pol\u00edtica externa se me\u00e7a pelo &#8220;volume do tom de voz&#8221; em rela\u00e7\u00e3o aos Estados Unidos, defendendo que uma postura mais &#8220;proclamat\u00f3ria&#8221; n\u00e3o produziria melhores resultados pr\u00e1ticos nem para Portugal, nem para a Uni\u00e3o Europeia.<\/p>\n<p>Ucr\u00e2nia<\/p>\n<p data-remotead-prev-elm=\"true\" data-remotead-elm-id=\"centro4\">Sobre as negocia\u00e7\u00f5es de paz na Ucr\u00e2nia, Bugalho afirma ter expectativas positivas, sustentando que o <strong>atual momento representa um patamar in\u00e9dito de garantias de seguran\u00e7a<\/strong>. Refere que, no quadro discutido na reuni\u00e3o desta semana, em Paris, &#8220;a Ucr\u00e2nia n\u00e3o estar\u00e1 na NATO, mas a NATO estar\u00e1 na Ucr\u00e2nia&#8221;, acrescentando que o pa\u00eds poder\u00e1 ficar &#8220;t\u00e3o ou mais protegido do que o pr\u00f3prio artigo 5.\u00ba&#8221;.<\/p>\n<p>Quanto ao alargamento da Uni\u00e3o Europeia, destaca os progressos de pa\u00edses candidatos, como Montenegro e Alb\u00e2nia, e defende que a <strong>Europa n\u00e3o deve temer uma UE com mais membros, lembrando que &#8220;a economia europeia cresceu 27% em 22 anos desde o \u00faltimo alargamento&#8221;<\/strong>. Ainda assim, reitera que a Ucr\u00e2nia deve cumprir os mesmos crit\u00e9rios que os restantes candidatos, alertando para os riscos de uma integra\u00e7\u00e3o apressada.<\/p>\n","protected":false},"excerpt":{"rendered":"O eurodeputado Sebasti\u00e3o Bugalho alerta para a persist\u00eancia de um quadro de incerteza pol\u00edtica na Venezuela ap\u00f3s a&hellip;\n","protected":false},"author":2,"featured_media":221223,"comment_status":"","ping_status":"","sticky":false,"template":"","format":"standard","meta":{"footnotes":""},"categories":[50],"tags":[27,28,445,15,16,42809,14,82,25,26,21,22,62,12,13,19,20,23,24,18523,17,18,29,30,31,63,64,65],"class_list":{"0":"post-221222","1":"post","2":"type-post","3":"status-publish","4":"format-standard","5":"has-post-thumbnail","7":"category-mundo","8":"tag-breaking-news","9":"tag-breakingnews","10":"tag-europa","11":"tag-featured-news","12":"tag-featurednews","13":"tag-fontes-europeias","14":"tag-headlines","15":"tag-internacional","16":"tag-latest-news","17":"tag-latestnews","18":"tag-main-news","19":"tag-mainnews","20":"tag-mundo","21":"tag-news","22":"tag-noticias","23":"tag-noticias-principais","24":"tag-noticiasprincipais","25":"tag-principais-noticias","26":"tag-principaisnoticias","27":"tag-sebastiao-bugalho","28":"tag-top-stories","29":"tag-topstories","30":"tag-ultimas","31":"tag-ultimas-noticias","32":"tag-ultimasnoticias","33":"tag-world","34":"tag-world-news","35":"tag-worldnews"},"share_on_mastodon":{"url":"","error":"Validation failed: Text character limit of 500 exceeded"},"_links":{"self":[{"href":"https:\/\/www.europesays.com\/pt\/wp-json\/wp\/v2\/posts\/221222","targetHints":{"allow":["GET"]}}],"collection":[{"href":"https:\/\/www.europesays.com\/pt\/wp-json\/wp\/v2\/posts"}],"about":[{"href":"https:\/\/www.europesays.com\/pt\/wp-json\/wp\/v2\/types\/post"}],"author":[{"embeddable":true,"href":"https:\/\/www.europesays.com\/pt\/wp-json\/wp\/v2\/users\/2"}],"replies":[{"embeddable":true,"href":"https:\/\/www.europesays.com\/pt\/wp-json\/wp\/v2\/comments?post=221222"}],"version-history":[{"count":0,"href":"https:\/\/www.europesays.com\/pt\/wp-json\/wp\/v2\/posts\/221222\/revisions"}],"wp:featuredmedia":[{"embeddable":true,"href":"https:\/\/www.europesays.com\/pt\/wp-json\/wp\/v2\/media\/221223"}],"wp:attachment":[{"href":"https:\/\/www.europesays.com\/pt\/wp-json\/wp\/v2\/media?parent=221222"}],"wp:term":[{"taxonomy":"category","embeddable":true,"href":"https:\/\/www.europesays.com\/pt\/wp-json\/wp\/v2\/categories?post=221222"},{"taxonomy":"post_tag","embeddable":true,"href":"https:\/\/www.europesays.com\/pt\/wp-json\/wp\/v2\/tags?post=221222"}],"curies":[{"name":"wp","href":"https:\/\/api.w.org\/{rel}","templated":true}]}}