{"id":221224,"date":"2026-01-08T22:03:08","date_gmt":"2026-01-08T22:03:08","guid":{"rendered":"https:\/\/www.europesays.com\/pt\/221224\/"},"modified":"2026-01-08T22:03:08","modified_gmt":"2026-01-08T22:03:08","slug":"tudo-conspira-a-favor-de-antonio-jose-seguro","status":"publish","type":"post","link":"https:\/\/www.europesays.com\/pt\/221224\/","title":{"rendered":"Tudo conspira a favor de Ant\u00f3nio Jos\u00e9 Seguro"},"content":{"rendered":"<p>Sem ter de ajustar um ponto na sua estrat\u00e9gia, Ant\u00f3nio Jos\u00e9 Seguro viu as estrelas alinharem-se a seu favor ao fim de menos de uma semana de campanha. A prova chegou em forma de tracking poll (da Pitag\u00f3rica para a CNN Portugal, TVI, \u201cJN\u201d e TSF), que o catapultou do quarto para o primeiro lugar. Esta \u201ctend\u00eancia favor\u00e1vel\u201d tem sido \u201csentida nas ruas\u201d, de acordo com o candidato presidencial socialista, que tem enchido salas pelos v\u00e1rios distritos por onde passa. \u201cA minha candidatura \u00e9 um movimento de esperan\u00e7a enorme. Isso nota-se na rua, nos contactos com pessoas\u201d, disse na passada quarta-feira durante uma arruada em Lisboa.<\/p>\n<p><a href=\"https:\/\/expresso.pt\/subscrever?action=GEN&amp;channel=BAF&amp;type=CAP&amp;source=WEB&amp;returnUrl=https:\/\/expresso.pt\/politica\/eleicoes\/presidenciais-2026\/2026-01-08-tudo-conspira-a-favor-de-antonio-jose-seguro-b3410702&amp;utm_source=expresso&amp;utm_medium=locked_article&amp;locked=true&amp;article_id=685fffe2-e9f5-4d40-bbf4-c9afe9297ba0&amp;author_id=Margarida+Coutinho,Nuno+Botelho&amp;category=Presidenciais+2026\" target=\"_self\" class=\"\" rel=\"nofollow noopener\">Subscrever<\/a>J\u00e1 \u00e9 Subscritor?Fa\u00e7a login e continue a ler<a href=\"http:\/\/expresso.pt\/codigo?redirectUrl=https:\/\/expresso.pt\/politica\/eleicoes\/presidenciais-2026\/2026-01-08-tudo-conspira-a-favor-de-antonio-jose-seguro-b3410702\" target=\"_self\" class=\"\" rel=\"nofollow noopener\">Inserir C\u00f3digo<\/a>Comprou o Expresso?Insira o c\u00f3digo presente na Revista E para continuar a ler<\/p>\n","protected":false},"excerpt":{"rendered":"Sem ter de ajustar um ponto na sua estrat\u00e9gia, Ant\u00f3nio Jos\u00e9 Seguro viu as estrelas alinharem-se a seu&hellip;\n","protected":false},"author":2,"featured_media":221225,"comment_status":"","ping_status":"","sticky":false,"template":"","format":"standard","meta":{"footnotes":""},"categories":[10],"tags":[27,28,15,16,14,25,26,21,22,12,13,19,20,32,23,24,33,17,18,29,30,31],"class_list":{"0":"post-221224","1":"post","2":"type-post","3":"status-publish","4":"format-standard","5":"has-post-thumbnail","7":"category-portugal","8":"tag-breaking-news","9":"tag-breakingnews","10":"tag-featured-news","11":"tag-featurednews","12":"tag-headlines","13":"tag-latest-news","14":"tag-latestnews","15":"tag-main-news","16":"tag-mainnews","17":"tag-news","18":"tag-noticias","19":"tag-noticias-principais","20":"tag-noticiasprincipais","21":"tag-portugal","22":"tag-principais-noticias","23":"tag-principaisnoticias","24":"tag-pt","25":"tag-top-stories","26":"tag-topstories","27":"tag-ultimas","28":"tag-ultimas-noticias","29":"tag-ultimasnoticias"},"share_on_mastodon":{"url":"https:\/\/pubeurope.com\/@pt\/115861743928133887","error":""},"_links":{"self":[{"href":"https:\/\/www.europesays.com\/pt\/wp-json\/wp\/v2\/posts\/221224","targetHints":{"allow":["GET"]}}],"collection":[{"href":"https:\/\/www.europesays.com\/pt\/wp-json\/wp\/v2\/posts"}],"about":[{"href":"https:\/\/www.europesays.com\/pt\/wp-json\/wp\/v2\/types\/post"}],"author":[{"embeddable":true,"href":"https:\/\/www.europesays.com\/pt\/wp-json\/wp\/v2\/users\/2"}],"replies":[{"embeddable":true,"href":"https:\/\/www.europesays.com\/pt\/wp-json\/wp\/v2\/comments?post=221224"}],"version-history":[{"count":0,"href":"https:\/\/www.europesays.com\/pt\/wp-json\/wp\/v2\/posts\/221224\/revisions"}],"wp:featuredmedia":[{"embeddable":true,"href":"https:\/\/www.europesays.com\/pt\/wp-json\/wp\/v2\/media\/221225"}],"wp:attachment":[{"href":"https:\/\/www.europesays.com\/pt\/wp-json\/wp\/v2\/media?parent=221224"}],"wp:term":[{"taxonomy":"category","embeddable":true,"href":"https:\/\/www.europesays.com\/pt\/wp-json\/wp\/v2\/categories?post=221224"},{"taxonomy":"post_tag","embeddable":true,"href":"https:\/\/www.europesays.com\/pt\/wp-json\/wp\/v2\/tags?post=221224"}],"curies":[{"name":"wp","href":"https:\/\/api.w.org\/{rel}","templated":true}]}}