{"id":221226,"date":"2026-01-08T22:04:19","date_gmt":"2026-01-08T22:04:19","guid":{"rendered":"https:\/\/www.europesays.com\/pt\/221226\/"},"modified":"2026-01-08T22:04:19","modified_gmt":"2026-01-08T22:04:19","slug":"jorge-jesus-abre-a-porta-de-saida-a-alvo-do-benfica","status":"publish","type":"post","link":"https:\/\/www.europesays.com\/pt\/221226\/","title":{"rendered":"Jorge Jesus abre a porta de sa\u00edda a alvo do Benfica"},"content":{"rendered":"<p>Jorge Jesus elogiou <a target=\"_blank\" class=\"editor-link autolink-enabled\" href=\"https:\/\/www.abola.pt\/futebol\/jogador\/wesley-8206\" data-resource-id=\"8206\" data-resource-type=\"player\" data-sport=\"football\" rel=\"nofollow noopener\">Wesley<\/a>, jogador referenciado pelo <a target=\"_blank\" class=\"editor-link autolink-enabled\" href=\"https:\/\/www.abola.pt\/futebol\/benfica-450\" data-resource-id=\"450\" data-resource-type=\"team\" data-sport=\"football\" rel=\"nofollow noopener\">Benfica<\/a> para refor\u00e7ar o ataque, mas n\u00e3o colocou de parte uma eventual sa\u00edda do extremo brasileiro. O t\u00e9cnico luso recusou encontrar uma correla\u00e7\u00e3o entre o interesse do mercado e o a utiliza\u00e7\u00e3o a partir do banco de suplentes diante do Al Qadisiya: \u00abAcreditamos na capacidade do <a target=\"_blank\" class=\"editor-link autolink-enabled\" href=\"https:\/\/www.abola.pt\/futebol\/jogador\/wesley-8206\" data-resource-id=\"8206\" data-resource-type=\"player\" data-sport=\"football\" rel=\"nofollow noopener\">Wesley<\/a>, o interesse de clubes europeus nele n\u00e3o \u00e9 por acaso. Jogou 20 minutos hoje e n\u00e3o foi a raz\u00e3o desta derrota.\u00bb<\/p>\n<p>O treinador luso salientou que <a target=\"_blank\" class=\"editor-link autolink-enabled\" href=\"https:\/\/www.abola.pt\/futebol\/jogador\/wesley-8206\" data-resource-id=\"8206\" data-resource-type=\"player\" data-sport=\"football\" rel=\"nofollow noopener\">Wesley<\/a> foi uma \u00absolu\u00e7\u00e3o\u00bb para colmatar a aus\u00eancia de Sadio <a target=\"_blank\" class=\"editor-link autolink-enabled\" href=\"https:\/\/www.abola.pt\/futebol\/jogador\/sadio-mane-1611\" data-resource-id=\"1611\" data-resource-type=\"player\" data-sport=\"football\" rel=\"nofollow noopener\">Man\u00e9<\/a>, ao servi\u00e7o do <a target=\"_blank\" class=\"editor-link autolink-enabled\" href=\"https:\/\/www.abola.pt\/futebol\/senegal-u17-21527\" data-resource-id=\"21527\" data-resource-type=\"team\" data-sport=\"football\" rel=\"nofollow noopener\">Senegal<\/a> na CAN, mas admitiu a diferen\u00e7a de \u00abprodutividade\u00bb entre os dois jogadores. A altera\u00e7\u00e3o do estatuto do extremo brasileiro nas \u00faltimas semanas n\u00e3o lhe garantiu, ainda assim, a continuidade no Al Nass. <\/p>\n<p>Jorge Jesus voltou a lamentar o impacto da restri\u00e7\u00f5es de jogadores estrangeiros impostas pela Liga Saudita&#8230;. que uma eventual sa\u00edda de Wesley podia suavizar. \u00ab\u00c9 um dos nossos avan\u00e7ados, \u00e9 r\u00e1pido e forte no um para um. \u00c9 sem d\u00favida um dos jogadores estrangeiros que pode ser negociado neste mercado\u00bb, reiterou.<\/p>\n<p>A aus\u00eancia de vagas para jogadores estrangeiros \u00e9 uma dor de cabe\u00e7a para Jorge Jesus: \u00abN\u00e3o \u00e9 como na Europa em que podemos substituir um jogador estrangeiro por outro. N\u00e3o h\u00e1 mais nenhuma vaga, a menos que algu\u00e9m saia.\u00bb<\/p>\n<p>Jorge Jesus lamentou os erros individuais do <a class=\"autolink-enabled\" data-resource-id=\"1681\" data-resource-type=\"team\" data-sport=\"football\" href=\"https:\/\/www.abola.pt\/futebol\/al-nassr-1681\" rel=\"nofollow noopener\" target=\"_blank\">Al Nassr<\/a> que culminaram no terceiro jogo sem vencer: \u00abN\u00e3o h\u00e1 grande resumo. Na segunda parte demos prendas ao advers\u00e1rio. Perdemos devido a erros individuais, \u00e9 essa a hist\u00f3ria do jogo.\u00bb<\/p>\n<p>Segue-se um duelo escaldante na casa do l\u00edder <a class=\"autolink-enabled\" data-resource-id=\"2866\" data-resource-type=\"team\" data-sport=\"football\" href=\"https:\/\/www.abola.pt\/futebol\/al-hilal-2866\" rel=\"nofollow noopener\" target=\"_blank\">Al Hilal<\/a>, mas Jorge Jesus n\u00e3o deita a toalha ao ch\u00e3o: \u00abA realidade \u00e9 que o <a class=\"autolink-enabled\" data-resource-id=\"2866\" data-resource-type=\"team\" data-sport=\"football\" href=\"https:\/\/www.abola.pt\/futebol\/al-hilal-2866\" rel=\"nofollow noopener\" target=\"_blank\">Al Hilal<\/a> est\u00e1 quatro pontos \u00e0 frente. J\u00e1 estivemos com quatro pontos de vantagem. Nada est\u00e1 perdido.\u00bb<\/p>\n","protected":false},"excerpt":{"rendered":"Jorge Jesus elogiou Wesley, jogador referenciado pelo Benfica para refor\u00e7ar o ataque, mas n\u00e3o colocou de parte uma&hellip;\n","protected":false},"author":2,"featured_media":216424,"comment_status":"","ping_status":"","sticky":false,"template":"","format":"standard","meta":{"footnotes":""},"categories":[8],"tags":[27,28,15,16,14,25,26,21,22,12,13,19,20,32,23,24,33,17,18,29,30,31],"class_list":{"0":"post-221226","1":"post","2":"type-post","3":"status-publish","4":"format-standard","5":"has-post-thumbnail","7":"category-principais-noticias","8":"tag-breaking-news","9":"tag-breakingnews","10":"tag-featured-news","11":"tag-featurednews","12":"tag-headlines","13":"tag-latest-news","14":"tag-latestnews","15":"tag-main-news","16":"tag-mainnews","17":"tag-news","18":"tag-noticias","19":"tag-noticias-principais","20":"tag-noticiasprincipais","21":"tag-portugal","22":"tag-principais-noticias","23":"tag-principaisnoticias","24":"tag-pt","25":"tag-top-stories","26":"tag-topstories","27":"tag-ultimas","28":"tag-ultimas-noticias","29":"tag-ultimasnoticias"},"share_on_mastodon":{"url":"https:\/\/pubeurope.com\/@pt\/115861747320309870","error":""},"_links":{"self":[{"href":"https:\/\/www.europesays.com\/pt\/wp-json\/wp\/v2\/posts\/221226","targetHints":{"allow":["GET"]}}],"collection":[{"href":"https:\/\/www.europesays.com\/pt\/wp-json\/wp\/v2\/posts"}],"about":[{"href":"https:\/\/www.europesays.com\/pt\/wp-json\/wp\/v2\/types\/post"}],"author":[{"embeddable":true,"href":"https:\/\/www.europesays.com\/pt\/wp-json\/wp\/v2\/users\/2"}],"replies":[{"embeddable":true,"href":"https:\/\/www.europesays.com\/pt\/wp-json\/wp\/v2\/comments?post=221226"}],"version-history":[{"count":0,"href":"https:\/\/www.europesays.com\/pt\/wp-json\/wp\/v2\/posts\/221226\/revisions"}],"wp:featuredmedia":[{"embeddable":true,"href":"https:\/\/www.europesays.com\/pt\/wp-json\/wp\/v2\/media\/216424"}],"wp:attachment":[{"href":"https:\/\/www.europesays.com\/pt\/wp-json\/wp\/v2\/media?parent=221226"}],"wp:term":[{"taxonomy":"category","embeddable":true,"href":"https:\/\/www.europesays.com\/pt\/wp-json\/wp\/v2\/categories?post=221226"},{"taxonomy":"post_tag","embeddable":true,"href":"https:\/\/www.europesays.com\/pt\/wp-json\/wp\/v2\/tags?post=221226"}],"curies":[{"name":"wp","href":"https:\/\/api.w.org\/{rel}","templated":true}]}}