{"id":221227,"date":"2026-01-08T22:05:07","date_gmt":"2026-01-08T22:05:07","guid":{"rendered":"https:\/\/www.europesays.com\/pt\/221227\/"},"modified":"2026-01-08T22:05:07","modified_gmt":"2026-01-08T22:05:07","slug":"isadora-cruz-aposta-em-look-fashion-no-lancamento-de-coracao-acelerado-saiba-o-valor-natelinha","status":"publish","type":"post","link":"https:\/\/www.europesays.com\/pt\/221227\/","title":{"rendered":"Isadora Cruz aposta em look fashion no lan\u00e7amento de Cora\u00e7\u00e3o Acelerado; saiba o valor &#8211; NaTelinha"},"content":{"rendered":"<ol>\n<li><a href=\"https:\/\/news.google.com\/rss\/articles\/CBMi2wFBVV95cUxQV0hFMVAzbkt6VVphY25Ndm5EMFhkQkNiZ0RoZ2FGVUFESmt0UnUzZ2wzWU1YdjV1aURWeXl1Yi00dEduaFhZVDBiYVFNWVNFTldFSnFBWGlJS2hoZUVzeEVTeGtTQ0M1bVM1dGxZaC16UVp1SjU1a29BRXRscmVDbkZTRjhvV0VYY21rS2NINDJxcEJBVl9FdTN1YlJ2cHZoXzU5RjhzOUtfdUJOLXBPdWlDZklETWVOZjNnNVRYWUNpblpOeGgwSUhPcWhPMzNPa1RHYVY4SzhFazTSAeABQVVfeXFMUEpha2JDUTZ2NVJLSzdpZ0ZTZXhXYmt3SUxmeUllVTItbjJvQ2l0dUtVMmN5VHhfWERRSWRCSjNqTzM4UjV2V3ZQalJ0SjFrbEszY2hFWlhJQ3F1YzhwZGxtWHBGUDF6T2REcHdYUFRiNHJOV2hSRkNiLWw3a0x0eDhBd1d3dlVWam5lei1sMVRfQmVPdkl4bVZVSVNTbHRpVlU5NmVYYTdoUTBzX2FaZHc4M0U5bHFWYktMbld2N3RtSnA0NFFyWm1BdEVWMHpaYUgxc0o5VjRUMXlQRG02eDU?oc=5\" target=\"_blank\" rel=\"nofollow noopener\">Isadora Cruz aposta em look fashion no lan\u00e7amento de Cora\u00e7\u00e3o Acelerado; saiba o valor<\/a>&nbsp;&nbsp;NaTelinha<\/li>\n<li><a href=\"https:\/\/news.google.com\/rss\/articles\/CBMiiwJBVV95cUxPOXVzMENDZEtMODRNd2hNMkFpY2NBZFozeXhwbkFpaDVwVUs5clIzU1pXUWxoNF9qVnlRWjdUQXhSdk5abk1sajRVaFh5Um9VNUZlMFRyaGRGY2dxVzUzSzZJY3pVaE5MTmpBVWRqNXdQN280VXV5dHBDN1AxbG5Ra1BNV1R5eFJodnk2MjhlVm5ISzJlR3F3Y0RiR2l5U2YwU19jMmhidl9sa3N3OVh6RmR6QmNib2tqSjZ2WEgySGdsNEFONm1rUUpKNHE2SlRXTkgzdEFUREJsSG5Na1kxZkRWdzJucXhfa2FOUmxwWm5TWkpabkQ1bTVFX2pPMVJNeF9vcWJSZ1hwOTDSAZoCQVVfeXFMT0gxOFpKejRRNGFsR0dLZVVES09zZzk3amc3ZE03Z0dxbnVMOFc4R0xtYWpza3VTTXY2RjlWZGs2eGVROWx2aGFJLWJBZEd1WlU3U3A2akhOSkp6azdVUjNBYXZ3MFVvVlZkRWpYTEgxWnp4ZXpOY0FOaU1GazNfZWlLNHlndk94Z3RPNWZZLXdtVkN4QnJkQTNnTU4wSGdBUzAwVWlHc2tfVEFlRGR3VE11ZGRNT2RBNFVJVG9UZVNySkxRbWg2VmhNWVp2aGJUUGU1LWlyWU5NbkJIb1FWMlBaODhPQ0JFUFZRNE5YaW9fUWpOZmY1WWhyeVZxYm9kRUxkdlhhTWUxRU5PanVoLWlTWHZBUkp2aXlB?oc=5\" target=\"_blank\" rel=\"nofollow noopener\">Look de R$ 16 mil, show de Paula Fernandes e men\u00e7\u00e3o a Mar\u00edlia Mendon\u00e7a: veja o que rolou na festa de Cora\u00e7\u00e3o Acelerado<\/a>&nbsp;&nbsp;Gshow<\/li>\n<li><a href=\"https:\/\/news.google.com\/rss\/articles\/CBMi9AFBVV95cUxQSE9EdEttMFhsSnl2NEhNRVFwZy1wUUNhWEcwUEw1ZkM2dFlBZkxDVjZEZGVQblJnelZ5cFFQTkpzSXlpMkdDUXZjbnhnWlRJV0puOHU5a1JxZmxfV2xyN3ZPNXZWRzZiZjdENUQ4cnB6dE9vN09zeDBucWRxMmplQ2s5YU1VdEJZMVgzMGp6NWVWTHRKaVpyMUFMWmZDNWd2OFBDR3JyTkdDLTR2TXU3SWJ4NHpyMHlzRUU4VmxNaE15WEVPWmlOQUw4YTRfSW5kUzZmVC1FUElZb1JRcDRpcEFUeUgzaHJWbjFMempmbHp1U1RI0gH6AUFVX3lxTFBENUlUSUxNUTM3MUFBOFpmaGdZSEJLbEUxRU1OMmYyU3BPS3BacXBHb3paRmsta29mUXZwRlp6c2xBUlZSLUM3dU1wN2VfcWJZckNmT2puOW1JZnhqclkzU1dzbm80bEluZW5TSmRjNHFtazFBNGpPOFZJb1dfMUM2UE53SnFJZlFZQ0FWd3VaendHaUJPblJGRW5TdW54UUJLMnNXUXlDRDBHSFJzMVM4dlRpbzh4cVYybWpucnV5WXJQOGxSQTRqV3N5U3IzM3FBb3dHN2cwZlVXRG9nTlVrbWVkbzFTMnJIU2tHZ2hlN1VTV0V2b2JxMEE?oc=5\" target=\"_blank\" rel=\"nofollow noopener\">Isabelle Drummond, Thomas de Aquino e Leandra Leal se re\u00fanem para lan\u00e7amento de &#8216;Cora\u00e7\u00e3o Acelerado&#8217;<\/a>&nbsp;&nbsp;Folha de S.Paulo<\/li>\n<li><a href=\"https:\/\/news.google.com\/rss\/articles\/CBMisAFBVV95cUxNQmw0SHhackZSaldTZHZucWMwbFRtUzNOSm1kbmdZSmY4NmdWMDBnS0pEMzkya2c4cUxzR05qZWZfRkpzRE44Q29DcmpCbUdxcVY3amVhSFREVUlNYTMzc25kRUtpQ3B3YmtzRmJHVVJ3RFVaRFdncGJjWG1IN044YWtqSlJ1OFV0Xzh6dkl0eHVLMmJvV1hpUS1WYW9rN0hLZzFLejl2WlhMbGdFSE5PcA?oc=5\" target=\"_blank\" rel=\"nofollow noopener\">Filipe Bragan\u00e7a e Isadora Cruz: os rostos centrais de \u2018Cora\u00e7\u00e3o Acelerado\u2019<\/a>&nbsp;&nbsp;VEJA<\/li>\n<li><a href=\"https:\/\/news.google.com\/rss\/articles\/CBMinAFBVV95cUxORUN5eUp4M1J6NkE2dWp5ZFhmam41amRYeEVmT0ZxQ3BxRUhHa05KN2xqWC0xWFZpbVFHZG51aFBaYkR4ZGhCWjYtcm83SjFTM0IwU3VocF9BTFZCSkstYUxMNWFWZ1FmTnVjTkJnVERmZUlEcnVlLVJfOW5BdG1wLW9VVnUzZEp4NXZwc3ptMWs2M0s4U0J5M1pOY0k?oc=5\" target=\"_blank\" rel=\"nofollow noopener\">Cora\u00e7\u00e3o Acelerado bate recorde comercial antes da estreia<\/a>&nbsp;&nbsp;Meio e Mensagem &#8211; Marketing, M\u00eddia e Comunica\u00e7\u00e3o<\/li>\n<\/ol>\n","protected":false},"excerpt":{"rendered":"Isadora Cruz aposta em look fashion no lan\u00e7amento de Cora\u00e7\u00e3o Acelerado; saiba o valor&nbsp;&nbsp;NaTelinha Look de R$ 16&hellip;\n","protected":false},"author":2,"featured_media":196976,"comment_status":"","ping_status":"","sticky":false,"template":"","format":"standard","meta":{"footnotes":""},"categories":[145],"tags":[211,210,114,115,32,33],"class_list":{"0":"post-221227","1":"post","2":"type-post","3":"status-publish","4":"format-standard","5":"has-post-thumbnail","7":"category-celebridades","8":"tag-celebridades","9":"tag-celebrities","10":"tag-entertainment","11":"tag-entretenimento","12":"tag-portugal","13":"tag-pt"},"share_on_mastodon":{"url":"","error":""},"_links":{"self":[{"href":"https:\/\/www.europesays.com\/pt\/wp-json\/wp\/v2\/posts\/221227","targetHints":{"allow":["GET"]}}],"collection":[{"href":"https:\/\/www.europesays.com\/pt\/wp-json\/wp\/v2\/posts"}],"about":[{"href":"https:\/\/www.europesays.com\/pt\/wp-json\/wp\/v2\/types\/post"}],"author":[{"embeddable":true,"href":"https:\/\/www.europesays.com\/pt\/wp-json\/wp\/v2\/users\/2"}],"replies":[{"embeddable":true,"href":"https:\/\/www.europesays.com\/pt\/wp-json\/wp\/v2\/comments?post=221227"}],"version-history":[{"count":0,"href":"https:\/\/www.europesays.com\/pt\/wp-json\/wp\/v2\/posts\/221227\/revisions"}],"wp:featuredmedia":[{"embeddable":true,"href":"https:\/\/www.europesays.com\/pt\/wp-json\/wp\/v2\/media\/196976"}],"wp:attachment":[{"href":"https:\/\/www.europesays.com\/pt\/wp-json\/wp\/v2\/media?parent=221227"}],"wp:term":[{"taxonomy":"category","embeddable":true,"href":"https:\/\/www.europesays.com\/pt\/wp-json\/wp\/v2\/categories?post=221227"},{"taxonomy":"post_tag","embeddable":true,"href":"https:\/\/www.europesays.com\/pt\/wp-json\/wp\/v2\/tags?post=221227"}],"curies":[{"name":"wp","href":"https:\/\/api.w.org\/{rel}","templated":true}]}}