{"id":221231,"date":"2026-01-08T22:11:10","date_gmt":"2026-01-08T22:11:10","guid":{"rendered":"https:\/\/www.europesays.com\/pt\/221231\/"},"modified":"2026-01-08T22:11:10","modified_gmt":"2026-01-08T22:11:10","slug":"sporting-eduardo-quaresma-ja-foi-operado-a-face","status":"publish","type":"post","link":"https:\/\/www.europesays.com\/pt\/221231\/","title":{"rendered":"Sporting: Eduardo Quaresma j\u00e1 foi operado \u00e0 face"},"content":{"rendered":"<p>Eduardo Quaresma, defesa-central do Sporting, foi submetido a uma interven\u00e7\u00e3o cir\u00fargica na noite de quarta-feira, numa unidade hospitalar em Lisboa, confirmou o <strong>Maisfutebol<\/strong>.\u00a0<\/p>\n<p>O defesa-central foi operado \u00e0 face ap\u00f3s sofrer uma fratura no osso zigom\u00e1tico, na sequ\u00eancia de um choque de cabe\u00e7as com Samu, jogador do Vit\u00f3ria de Guimar\u00e3es.<\/p>\n<p>A les\u00e3o aconteceu na <strong><a href=\"https:\/\/maisfutebol.iol.pt\/taca-da-liga\/06-01-2026\/taca-da-liga-sporting-v-guimaraes-1-2-cronica\" rel=\"nofollow noopener\" target=\"_blank\">primeira meia-final da Ta\u00e7a da Liga<\/a><\/strong>, em Leiria, onde o jogador foi inicialmente hospitalizado e posteriormente transferido. Eduardo Quaresma j\u00e1 est\u00e1 em casa a recuperar.<\/p>\n<p><strong><a href=\"https:\/\/maisfutebol.iol.pt\/sporting\/vitoria-guimaraes\/sporting-paragem-de-eduardo-quaresma-vai-rondar-as-tres-semanas\" rel=\"nofollow noopener\" target=\"_blank\">Tal como escreveu o nosso jornal na quarta-feira<\/a><\/strong>, o tempo de paragem de Eduardo Quaresma vai rondar as tr\u00eas semanas. Ou seja, se ainda regressar neste m\u00eas, ser\u00e1 na desloca\u00e7\u00e3o a casa do Athletic Bilbao a 28 de janeiro.\u00a0<\/p>\n<p>Al\u00e9m disso, ter\u00e1 de jogar e treinar com uma m\u00e1scara protetora para evitar reca\u00eddas. Aos 23 anos, Quaresma somava 15 jogos esta temporada. Ia na s\u00e9rie de partidas com mais regularidade at\u00e9 \u00e0 les\u00e3o &#8211; sete jogos seguidos.<\/p>\n","protected":false},"excerpt":{"rendered":"Eduardo Quaresma, defesa-central do Sporting, foi submetido a uma interven\u00e7\u00e3o cir\u00fargica na noite de quarta-feira, numa unidade hospitalar&hellip;\n","protected":false},"author":2,"featured_media":221232,"comment_status":"","ping_status":"","sticky":false,"template":"","format":"standard","meta":{"footnotes":""},"categories":[87],"tags":[42810,135,40264,42811,36,46,32,33,47,34,134],"class_list":{"0":"post-221231","1":"post","2":"type-post","3":"status-publish","4":"format-standard","5":"has-post-thumbnail","7":"category-desporto","8":"tag-boletim-medico","9":"tag-desporto","10":"tag-eduardo-quaresma","11":"tag-lesoes-sporting","12":"tag-liga","13":"tag-maisfutebol","14":"tag-portugal","15":"tag-pt","16":"tag-pura-paixao","17":"tag-sporting","18":"tag-sports"},"share_on_mastodon":{"url":"https:\/\/pubeurope.com\/@pt\/115861774846694359","error":""},"_links":{"self":[{"href":"https:\/\/www.europesays.com\/pt\/wp-json\/wp\/v2\/posts\/221231","targetHints":{"allow":["GET"]}}],"collection":[{"href":"https:\/\/www.europesays.com\/pt\/wp-json\/wp\/v2\/posts"}],"about":[{"href":"https:\/\/www.europesays.com\/pt\/wp-json\/wp\/v2\/types\/post"}],"author":[{"embeddable":true,"href":"https:\/\/www.europesays.com\/pt\/wp-json\/wp\/v2\/users\/2"}],"replies":[{"embeddable":true,"href":"https:\/\/www.europesays.com\/pt\/wp-json\/wp\/v2\/comments?post=221231"}],"version-history":[{"count":0,"href":"https:\/\/www.europesays.com\/pt\/wp-json\/wp\/v2\/posts\/221231\/revisions"}],"wp:featuredmedia":[{"embeddable":true,"href":"https:\/\/www.europesays.com\/pt\/wp-json\/wp\/v2\/media\/221232"}],"wp:attachment":[{"href":"https:\/\/www.europesays.com\/pt\/wp-json\/wp\/v2\/media?parent=221231"}],"wp:term":[{"taxonomy":"category","embeddable":true,"href":"https:\/\/www.europesays.com\/pt\/wp-json\/wp\/v2\/categories?post=221231"},{"taxonomy":"post_tag","embeddable":true,"href":"https:\/\/www.europesays.com\/pt\/wp-json\/wp\/v2\/tags?post=221231"}],"curies":[{"name":"wp","href":"https:\/\/api.w.org\/{rel}","templated":true}]}}