{"id":221244,"date":"2026-01-08T22:19:24","date_gmt":"2026-01-08T22:19:24","guid":{"rendered":"https:\/\/www.europesays.com\/pt\/221244\/"},"modified":"2026-01-08T22:19:24","modified_gmt":"2026-01-08T22:19:24","slug":"nadja-haddad-comenta-cuidados-com-o-filho-apos-ida-ao-medico-tem-valido-muito-a-pena","status":"publish","type":"post","link":"https:\/\/www.europesays.com\/pt\/221244\/","title":{"rendered":"Nadja Haddad comenta cuidados com o filho ap\u00f3s ida ao m\u00e9dico: \u2018Tem valido muito a pena&#8217;"},"content":{"rendered":"<p>A apresentadora\u00a0<a href=\"https:\/\/caras.com.br\/tags\/nadja-haddad\" data-mrf-link=\"https:\/\/caras.com.br\/tags\/nadja-haddad\" rel=\"nofollow noopener\" target=\"_blank\"><strong>Nadja Haddad<\/strong><\/a>\u00a0usou\u00a0<a href=\"https:\/\/caras.com.br\/atualidades\/nadja-haddad-revela-pedido-da-mae-antes-da-morte-e-destino-das-cinzas.phtml\" rel=\"nofollow noopener\" target=\"_blank\">as redes sociais<\/a> nesta quinta-feira, 8, para falar sobre a sa\u00fade do filho,<strong>\u00a0Jos\u00e9<\/strong>, de 1 ano, fruto do casamento com o pol\u00edtico\u00a0<strong>Danilo Joan<\/strong>. Segundo ela, o pequeno passou recentemente por uma consulta com um m\u00e9dico nutr\u00f3logo, com foco na alimenta\u00e7\u00e3o e no crescimento saud\u00e1vel.<\/p>\n<p>Em um v\u00eddeo publicado, Nadja explicou que decidiu buscar acompanhamento especializado ap\u00f3s refletir sobre a import\u00e2ncia de cuidados nutricionais desde a inf\u00e2ncia. \u201cSe n\u00f3s ,adultos, quando n\u00f3s treinamos, temos uma atividade f\u00edsica mais intensa com algum objetivo, ou at\u00e9 mesmo quem n\u00e3o faz atividade f\u00edsica, mas quer ter uma alimenta\u00e7\u00e3o balanceada, focada, sei l\u00e1, longevidade, sa\u00fade, enfim. A gente passa com nutricionista, a gente passa com nutr\u00f3logo, por que o Jos\u00e9 n\u00e3o passaria?\u201d, iniciou ela no v\u00eddeo.<\/p>\n<p>A apresentadora contou ainda que o filho realiza fisioterapia diariamente e destacou que o acompanhamento nutricional vai al\u00e9m de restri\u00e7\u00f5es alimentares. \u201cO Jos\u00e9 faz bastante atividade, fisioterapia todos os dias. Ent\u00e3o, levei o Jos\u00e9 numa nutr\u00f3loga, e foi \u00f3timo. Existem pediatras que s\u00e3o nutr\u00f3logas, focadas na alimenta\u00e7\u00e3o infantil\u201d.<\/p>\n<p>\u201cE n\u00e3o \u00e9 s\u00f3 no caso de crian\u00e7as que t\u00eam restri\u00e7\u00f5es alimentares, mas \u00e9 justamente para ter uma alimenta\u00e7\u00e3o mais focada no desenvolvimento mesmo, para o desenvolvimento e evolu\u00e7\u00e3o da crian\u00e7a. Como o Jos\u00e9 \u00e9 um prematuro extremo, a gente precisa investir cada vez mais na evolu\u00e7\u00e3o dele, para que ele atinja a idade cronol\u00f3gica dele, perfeito\u201d.<\/p>\n<p>Entre os objetivos do acompanhamento est\u00e1 o ganho de massa magra e o fortalecimento muscular. Nadja explicou que o filho enfrenta hipotonia, condi\u00e7\u00e3o caracterizada pelo t\u00f4nus muscular mais fl\u00e1cido, o que dificulta permanecer sentado ou em p\u00e9 por muito tempo. \u201cEnt\u00e3o, \u00e9 um fortalecimento muscular, ganho de massa magra, e tamb\u00e9m para que ele tenha mais energia, porque ele precisa, j\u00e1 que ele gasta muita energia\u201d.<\/p>\n<p> Parte cognitiva <\/p>\n<p>Ela tamb\u00e9m comentou sobre os cuidados com a parte cognitiva do menino. De acordo com a apresentadora, por conta da prematuridade extrema, Jos\u00e9 desenvolveu parte dessa etapa fora do \u00fatero. \u201cO Jos\u00e9 toma DHA e um tipo de \u00f3leo de coco que ajuda na parte cognitiva\u201d, contou. Por fim, Nadja celebrou os resultados do acompanhamento m\u00e9dico. \u201cEle tem tido um resultado excelente, de verdade. Tem valido muito a pena\u201d, concluiu.<\/p>\n<p>Leia tamb\u00e9m: <a href=\"https:\/\/caras.com.br\/bem-estar\/nadja-haddad-leva-o-filho-ao-medico-e-fala-sobre-novo-tratamento-tadinho.phtml\" rel=\"nofollow noopener\" target=\"_blank\">Nadja Haddad leva o filho ao m\u00e9dico e fala sobre novo tratamento: \u2018Tadinho\u2019<\/a><\/p>\n<blockquote class=\"instagram-media\" style=\"background: #FFF; border: 0; border-radius: 3px; box-shadow: 0 0 1px 0 rgba(0,0,0,0.5),0 1px 10px 0 rgba(0,0,0,0.15); margin: 1px; max-width: 540px; min-width: 326px; padding: 0; width: calc(100% - 2px);\" data-instgrm-captioned=\"\" data-instgrm-permalink=\"https:\/\/www.instagram.com\/reel\/DTQZrH5DsVS\/?utm_source=ig_embed&amp;utm_campaign=loading\" data-instgrm-version=\"14\"><\/blockquote>\n<p>        <a href=\"https:\/\/caras.com.br\/autor\/juliana-dracz\" rel=\"nofollow noopener\" target=\"_blank\">&#13;<br \/>\n          <img loading=\"lazy\" decoding=\"async\" alt=\"Juliana Dracz\" src=\"https:\/\/www.europesays.com\/pt\/wp-content\/uploads\/2025\/09\/436551461_2434711450057729_5105646040807821088_n_sqmd.png\" class=\"avatar avatar-115 photo rounded-circle\" height=\"115\" width=\"115\"\/>        <\/a><\/p>\n<p>Juliana Dracz \u00e9 rep\u00f3rter de conte\u00fado do site CARAS. Formada em Jornalismo pela Universidade Cat\u00f3lica de Bras\u00edlia, ela j\u00e1 trabalhou em grandes sites de entretenimento. Atualmente, escreve sobre novelas, celebridades e TV.<\/p>\n<p>\t                                            <script async src=\"\/\/www.instagram.com\/embed.js\"><\/script><\/p>\n","protected":false},"excerpt":{"rendered":"A apresentadora\u00a0Nadja Haddad\u00a0usou\u00a0as redes sociais nesta quinta-feira, 8, para falar sobre a sa\u00fade do filho,\u00a0Jos\u00e9, de 1 ano,&hellip;\n","protected":false},"author":2,"featured_media":221245,"comment_status":"","ping_status":"","sticky":false,"template":"","format":"standard","meta":{"footnotes":""},"categories":[145],"tags":[211,210,114,115,6024,32,33],"class_list":{"0":"post-221244","1":"post","2":"type-post","3":"status-publish","4":"format-standard","5":"has-post-thumbnail","7":"category-celebridades","8":"tag-celebridades","9":"tag-celebrities","10":"tag-entertainment","11":"tag-entretenimento","12":"tag-nadja-haddad","13":"tag-portugal","14":"tag-pt"},"share_on_mastodon":{"url":"https:\/\/pubeurope.com\/@pt\/115861806272400051","error":""},"_links":{"self":[{"href":"https:\/\/www.europesays.com\/pt\/wp-json\/wp\/v2\/posts\/221244","targetHints":{"allow":["GET"]}}],"collection":[{"href":"https:\/\/www.europesays.com\/pt\/wp-json\/wp\/v2\/posts"}],"about":[{"href":"https:\/\/www.europesays.com\/pt\/wp-json\/wp\/v2\/types\/post"}],"author":[{"embeddable":true,"href":"https:\/\/www.europesays.com\/pt\/wp-json\/wp\/v2\/users\/2"}],"replies":[{"embeddable":true,"href":"https:\/\/www.europesays.com\/pt\/wp-json\/wp\/v2\/comments?post=221244"}],"version-history":[{"count":0,"href":"https:\/\/www.europesays.com\/pt\/wp-json\/wp\/v2\/posts\/221244\/revisions"}],"wp:featuredmedia":[{"embeddable":true,"href":"https:\/\/www.europesays.com\/pt\/wp-json\/wp\/v2\/media\/221245"}],"wp:attachment":[{"href":"https:\/\/www.europesays.com\/pt\/wp-json\/wp\/v2\/media?parent=221244"}],"wp:term":[{"taxonomy":"category","embeddable":true,"href":"https:\/\/www.europesays.com\/pt\/wp-json\/wp\/v2\/categories?post=221244"},{"taxonomy":"post_tag","embeddable":true,"href":"https:\/\/www.europesays.com\/pt\/wp-json\/wp\/v2\/tags?post=221244"}],"curies":[{"name":"wp","href":"https:\/\/api.w.org\/{rel}","templated":true}]}}