{"id":22125,"date":"2025-08-09T08:24:17","date_gmt":"2025-08-09T08:24:17","guid":{"rendered":"https:\/\/www.europesays.com\/pt\/22125\/"},"modified":"2025-08-09T08:24:17","modified_gmt":"2025-08-09T08:24:17","slug":"vinda-do-newcastle-ao-futebol-portugues-para-comprar-samu-nao-seria-estranha-pelo-pavlidis-ja-seria-maisfutebol","status":"publish","type":"post","link":"https:\/\/www.europesays.com\/pt\/22125\/","title":{"rendered":"\u00abVinda do Newcastle ao futebol portugu\u00eas para comprar Samu n\u00e3o seria estranha, pelo Pavlidis j\u00e1 seria\u00bb &#8211; Maisfutebol"},"content":{"rendered":"<ol>\n<li><a href=\"https:\/\/news.google.com\/rss\/articles\/CBMi7wFBVV95cUxPTFNUOXZBZW9Yb1hZUURkdzZIM0tONHJrTmEzZHFOZF9LV05SNTV0bllyWkYxVkxCbFVUbjRZREc3TzFodVBna01DUk9rUi1wR0otYnQwLUdFT1paa1hGNUJKbkEweTdGaU9pVWlGLU96WW1udnpweVNOWXF3dzhsckZEejBjQ2dIaEVPRUtXd0VpbnFXeDZSV3ZKWENLamxOLUtCZENTY1Vxa3ZzRGx3bk52SHMwVFg2aUx4dXBTLWFFVzdBbXh6S1FadnZHeHBzM3RGTFVDOXJlRVVobGptUGx5R3NBaGFKZEZuU2Nwdw?oc=5\" target=\"_blank\" rel=\"nofollow noopener\">\u00abVinda do Newcastle ao futebol portugu\u00eas para comprar Samu n\u00e3o seria estranha, pelo Pavlidis j\u00e1 seria\u00bb<\/a>&nbsp;&nbsp;Maisfutebol<\/li>\n<li><a href=\"https:\/\/news.google.com\/rss\/articles\/CBMirgFBVV95cUxNdEl5aHNRSm5pU0hKckhtZ1BQQVE3T250SmFtMUdHdEg2MGpJT190OFVMTWl3MGF3b19yT091bmtfVm5UOFZRWkdKOXdfUkRSaHBFSTdUZ1B4Wk5jRFJ6WkJzZzQ1TndVT0wwclhrSzJkWW1rWmczUXV5RUFFbVFjUTJMOFpOSDBzbWNudXItbHdjcVAyTWlvOVoyTGVrZ1Z1b3JwZ0Y1WmVpaGQ2aXfSAbMBQVVfeXFMUFZWMm9Ja3Q1RFU5VUtrX2FuLXE3STk0YUoxWjZvaG5yajRRN0F3aVQyUDRyQ19NQTZNZ0EzWmpBSUhENEFXaW1JcTVIbjJrcFJ3YXBUM283LWZTNjBsMWxsb3kycGx2ZTNNVWRlVnVJZUllTXdHTEcwcnBsTl9HWGdsYVRFdFcyY19Zamc2OWVjTUZPNlpwOUxJUWczS3BJUG1neHB4XzRlaE9YZVBUUUFzdk0?oc=5\" target=\"_blank\" rel=\"nofollow noopener\">Newcastle define plano B diante de sa\u00edda iminente de Isak<\/a>&nbsp;&nbsp;LANCE!<\/li>\n<li><a href=\"https:\/\/news.google.com\/rss\/articles\/CBMilwFBVV95cUxPc256d3dIYk9YdHNXVldVejY3VWlMbEhWSkYybUpvUFJMRVZlcU9lQ3lPNGxmU1hla0d1TzVQcVpPeGpvemdYVDFtWkV4cHZJQUJaVWxXb0NsdnUwZWYwNmlnTGpQMVhEWDlzOWtZOEVPZDA4UENudnRkZm0yS0lEbUt6eFRadWRVNURyeF94NldxbHU3THFF?oc=5\" target=\"_blank\" rel=\"nofollow noopener\">Mercado FC Porto: Newcastle de olho em Samu<\/a>&nbsp;&nbsp;A Bola<\/li>\n<li><a href=\"https:\/\/news.google.com\/rss\/articles\/CBMiekFVX3lxTE1wbGVtOWhuTVgyS2w5V3VwdEtnQmxVMWppeUZqRzFvdEtUVHlIc2laREs1Z3hBMHEtcWdZMXRjMjNpTmRXOVRkemZHTzhpdEt0QWdkdkFZY01PTkZWYUplR3BmaEpYWjhOeWVmeDZQTXNGYjdJaXczWEV3?oc=5\" target=\"_blank\" rel=\"nofollow noopener\">T9, Ep. 87 | Sam\u00fa na mira inglesa?<\/a>&nbsp;&nbsp;zerozero.pt<\/li>\n<li><a href=\"https:\/\/news.google.com\/rss\/articles\/CBMiiAFBVV95cUxOVnltTVFKbUs1dmFreVhEbkJVbUVwQWZLLXRpb3VlbTNqNUdSLXJULUJKMFhTX1NsWFQwVTdDZmxvVi1YSlFNOEYteUlOVmxpaEZKTEU5UkpmTm1tNVd6dHZTcHRoTk0tdmc0WUE3NEJqZjdsWDZMLXdpX0xOYmVLc25oUmN0ZndE?oc=5\" target=\"_blank\" rel=\"nofollow noopener\">Newcastle prepara raide por Samu<\/a>&nbsp;&nbsp;Correio da Manh\u00e3<\/li>\n<\/ol>\n","protected":false},"excerpt":{"rendered":"\u00abVinda do Newcastle ao futebol portugu\u00eas para comprar Samu n\u00e3o seria estranha, pelo Pavlidis j\u00e1 seria\u00bb&nbsp;&nbsp;Maisfutebol Newcastle define&hellip;\n","protected":false},"author":2,"featured_media":22126,"comment_status":"","ping_status":"","sticky":false,"template":"","format":"standard","meta":{"footnotes":""},"categories":[8],"tags":[51,27,28,282,15,16,524,14,25,26,21,22,1356,46,42,41,2318,12,13,19,20,7931,32,23,24,33,47,7930,5476,17,18,29,30,31],"class_list":{"0":"post-22125","1":"post","2":"type-post","3":"status-publish","4":"format-standard","5":"has-post-thumbnail","7":"category-principais-noticias","8":"tag-benfica","9":"tag-breaking-news","10":"tag-breakingnews","11":"tag-fc-porto","12":"tag-featured-news","13":"tag-featurednews","14":"tag-futebol","15":"tag-headlines","16":"tag-latest-news","17":"tag-latestnews","18":"tag-main-news","19":"tag-mainnews","20":"tag-mais-futebol","21":"tag-maisfutebol","22":"tag-mercado","23":"tag-mercado-de-transferencias","24":"tag-newcastle","25":"tag-news","26":"tag-noticias","27":"tag-noticias-principais","28":"tag-noticiasprincipais","29":"tag-pavlidis","30":"tag-portugal","31":"tag-principais-noticias","32":"tag-principaisnoticias","33":"tag-pt","34":"tag-pura-paixao","35":"tag-samu","36":"tag-sofia-oliveira","37":"tag-top-stories","38":"tag-topstories","39":"tag-ultimas","40":"tag-ultimas-noticias","41":"tag-ultimasnoticias"},"share_on_mastodon":{"url":"","error":""},"_links":{"self":[{"href":"https:\/\/www.europesays.com\/pt\/wp-json\/wp\/v2\/posts\/22125","targetHints":{"allow":["GET"]}}],"collection":[{"href":"https:\/\/www.europesays.com\/pt\/wp-json\/wp\/v2\/posts"}],"about":[{"href":"https:\/\/www.europesays.com\/pt\/wp-json\/wp\/v2\/types\/post"}],"author":[{"embeddable":true,"href":"https:\/\/www.europesays.com\/pt\/wp-json\/wp\/v2\/users\/2"}],"replies":[{"embeddable":true,"href":"https:\/\/www.europesays.com\/pt\/wp-json\/wp\/v2\/comments?post=22125"}],"version-history":[{"count":0,"href":"https:\/\/www.europesays.com\/pt\/wp-json\/wp\/v2\/posts\/22125\/revisions"}],"wp:featuredmedia":[{"embeddable":true,"href":"https:\/\/www.europesays.com\/pt\/wp-json\/wp\/v2\/media\/22126"}],"wp:attachment":[{"href":"https:\/\/www.europesays.com\/pt\/wp-json\/wp\/v2\/media?parent=22125"}],"wp:term":[{"taxonomy":"category","embeddable":true,"href":"https:\/\/www.europesays.com\/pt\/wp-json\/wp\/v2\/categories?post=22125"},{"taxonomy":"post_tag","embeddable":true,"href":"https:\/\/www.europesays.com\/pt\/wp-json\/wp\/v2\/tags?post=22125"}],"curies":[{"name":"wp","href":"https:\/\/api.w.org\/{rel}","templated":true}]}}