{"id":221254,"date":"2026-01-08T22:28:16","date_gmt":"2026-01-08T22:28:16","guid":{"rendered":"https:\/\/www.europesays.com\/pt\/221254\/"},"modified":"2026-01-08T22:28:16","modified_gmt":"2026-01-08T22:28:16","slug":"produtora-de-pokemon-esta-na-xbox-developer_direct-26","status":"publish","type":"post","link":"https:\/\/www.europesays.com\/pt\/221254\/","title":{"rendered":"Produtora de Pok\u00e9mon est\u00e1 na Xbox Developer_Direct \u201926"},"content":{"rendered":"<p>A Xbox Developer_Direct \u201926 est\u00e1 marcada para 22 de janeiro, com novidades dos est\u00fadios Xbox, mas tamb\u00e9m com novidades de parceiras, como a Game Freak que conheces de Pok\u00e9mon.<\/p>\n<p>\u00c0s 18h de Portugal continental, 14h em Bras\u00edlia, do dia 22 de janeiro, podes come\u00e7ar a assistir \u00e0 transmiss\u00e3o da Xbox, na qual a Playground Games vai revelar novidades de Fable e Forza Horizon 6, dois dos mais desejados jogos deste ano que come\u00e7ou.<\/p>\n<p>No entanto, como referido, n\u00e3o vamos olhar apenas para o interior da Xbox, como aconteceu no passado, vamos olhar para jogos de parceiras japonesas, com a ajuda de Beast of Reincarnation da Game Freak. Este \u00e9 um action RPG ainda envolto em muito mist\u00e9rio, mas isso muda dentro de semanas.<\/p>\n<p>A Game Freak vai falar de Emma, a protagonista do jogo, das mec\u00e2nicas principais e de Koo, o seu companheiro canino num Jap\u00e3o p\u00f3s-apocal\u00edptico.<\/p>\n","protected":false},"excerpt":{"rendered":"A Xbox Developer_Direct \u201926 est\u00e1 marcada para 22 de janeiro, com novidades dos est\u00fadios Xbox, mas tamb\u00e9m com&hellip;\n","protected":false},"author":2,"featured_media":221255,"comment_status":"","ping_status":"","sticky":false,"template":"","format":"standard","meta":{"footnotes":""},"categories":[84],"tags":[109,107,108,32,33,105,103,104,106,110],"class_list":{"0":"post-221254","1":"post","2":"type-post","3":"status-publish","4":"format-standard","5":"has-post-thumbnail","7":"category-ciencia-e-tecnologia","8":"tag-ciencia","9":"tag-ciencia-e-tecnologia","10":"tag-cienciaetecnologia","11":"tag-portugal","12":"tag-pt","13":"tag-science","14":"tag-science-and-technology","15":"tag-scienceandtechnology","16":"tag-technology","17":"tag-tecnologia"},"share_on_mastodon":{"url":"https:\/\/pubeurope.com\/@pt\/115861841725034945","error":""},"_links":{"self":[{"href":"https:\/\/www.europesays.com\/pt\/wp-json\/wp\/v2\/posts\/221254","targetHints":{"allow":["GET"]}}],"collection":[{"href":"https:\/\/www.europesays.com\/pt\/wp-json\/wp\/v2\/posts"}],"about":[{"href":"https:\/\/www.europesays.com\/pt\/wp-json\/wp\/v2\/types\/post"}],"author":[{"embeddable":true,"href":"https:\/\/www.europesays.com\/pt\/wp-json\/wp\/v2\/users\/2"}],"replies":[{"embeddable":true,"href":"https:\/\/www.europesays.com\/pt\/wp-json\/wp\/v2\/comments?post=221254"}],"version-history":[{"count":0,"href":"https:\/\/www.europesays.com\/pt\/wp-json\/wp\/v2\/posts\/221254\/revisions"}],"wp:featuredmedia":[{"embeddable":true,"href":"https:\/\/www.europesays.com\/pt\/wp-json\/wp\/v2\/media\/221255"}],"wp:attachment":[{"href":"https:\/\/www.europesays.com\/pt\/wp-json\/wp\/v2\/media?parent=221254"}],"wp:term":[{"taxonomy":"category","embeddable":true,"href":"https:\/\/www.europesays.com\/pt\/wp-json\/wp\/v2\/categories?post=221254"},{"taxonomy":"post_tag","embeddable":true,"href":"https:\/\/www.europesays.com\/pt\/wp-json\/wp\/v2\/tags?post=221254"}],"curies":[{"name":"wp","href":"https:\/\/api.w.org\/{rel}","templated":true}]}}