{"id":221264,"date":"2026-01-08T22:36:11","date_gmt":"2026-01-08T22:36:11","guid":{"rendered":"https:\/\/www.europesays.com\/pt\/221264\/"},"modified":"2026-01-08T22:36:11","modified_gmt":"2026-01-08T22:36:11","slug":"fora-do-secret-story-9-fabio-faz-anuncio-a-vida-continua-primeira-companhia","status":"publish","type":"post","link":"https:\/\/www.europesays.com\/pt\/221264\/","title":{"rendered":"Fora do Secret Story 9, F\u00e1bio faz an\u00fancio: \u201cA vida continua\u2026\u201d &#8211; Primeira Companhia"},"content":{"rendered":"<p>Ap\u00f3s dar como terminada a aventura pelo<strong> Secret Story 9,<\/strong> F\u00e1bio Pereira fez um an\u00fancio que deixou os seguidores surpreendidos. Come\u00e7ou por dizer: \u00abAgora fora do jogo, a hist\u00f3ria continua. \ud83c\udfa5 Grato por casa aprendizagem e por quem esteve comigo at\u00e9 ao fim.\u2728\u00bb. Por fim, deixou ainda uma pergunta aos f\u00e3s: \u00abO que mais te marcou nessa minha jornada?\u00bb.\u00a0<\/p>\n<p><strong>F\u00e1bio<\/strong> nunca passou despercebido por entre os espectadores do formato. Inicialmente, pelo seu segredo estar relacionado com uma ex concorrente, e tamb\u00e9m pela <a href=\"https:\/\/tvi.iol.pt\/primeiracompanhia\/liliana\/ze\/liliana-volta-a-falar-com-o-ex-noivo-ze-e-ha-polemica-sera-que-o-fabio-sabe\" rel=\"nofollow noopener\" target=\"_blank\">rela\u00e7\u00e3o com Liliana Oliveira<\/a>.<\/p>\n<p>Veja a imagem.<\/p>\n<p><img loading=\"lazy\" decoding=\"async\" alt=\"\" height=\"500\" src=\"https:\/\/www.europesays.com\/pt\/wp-content\/uploads\/2026\/01\/695fed68d34e0ec52ec1ddf8.webp\" width=\"245\"\/><\/p>\n<p>\u00a0<\/p>\n<p><strong>O gesto rom\u00e2ntico de F\u00e1bio que surpreende Liliana e os seguidores ao revelar um dote desconhecido<\/strong>\u00a0 <\/p>\n<p><strong>F\u00e1bio Pereira <\/strong>preparou uma refei\u00e7\u00e3o para a namorada, <strong>Liliana Oliveira<\/strong> e h\u00e1 um detalhe que n\u00e3o passou despercebido por entre os f\u00e3s do casal: F\u00e1bio sabe cozinhar, e bem! O ex concorrente do Secret Story 9, mostrou a todos o prato que preparou para a sua amada, a quem apelidou de &#8220;patroa&#8221;: \u00abVamos ver se a patroa aprova a minha especialidade: massa com atum \ud83d\ude02\u00bb, disse em tom de riso.\u00a0<\/p>\n<p>Na partilha que fez, o\u00a0<a href=\"https:\/\/tvi.iol.pt\/primeiracompanhia\/liliana\/fabio\/acabou-em-nova-partilha-fabio-surpreende-com-declaracao-sobre-liliana-entre-provas-e-verdades\" rel=\"nofollow noopener\" target=\"_blank\">namorado de Liliana<\/a> refor\u00e7ou a ideia de que, agora j\u00e1 fora da casa, vai manter o foco na dieta.<\/p>\n<p>Ao longo do reality show, os <strong>dotes culin\u00e1rios de F\u00e1bio<\/strong> nunca foram um assunto muito explorado mas, ao que parece, o ex concorrente do Secret Story 9 tem muito jeito para cozinhar!\u00a0<\/p>\n<p>Veja a imagem.<\/p>\n<p><img loading=\"lazy\" decoding=\"async\" alt=\"\" height=\"500\" src=\"https:\/\/www.europesays.com\/pt\/wp-content\/uploads\/2026\/01\/695fd52bd34e0ec52ec1dbc8.webp\" width=\"285\"\/><\/p>\n","protected":false},"excerpt":{"rendered":"Ap\u00f3s dar como terminada a aventura pelo Secret Story 9, F\u00e1bio Pereira fez um an\u00fancio que deixou os&hellip;\n","protected":false},"author":2,"featured_media":221265,"comment_status":"","ping_status":"","sticky":false,"template":"","format":"standard","meta":{"footnotes":""},"categories":[142],"tags":[41536,114,115,18705,19082,19016,32,33,151,41535],"class_list":{"0":"post-221264","1":"post","2":"type-post","3":"status-publish","4":"format-standard","5":"has-post-thumbnail","7":"category-tv","8":"tag-bastidores-da-recruta","9":"tag-entertainment","10":"tag-entretenimento","11":"tag-entrevistas-concorrentes-tvi","12":"tag-fabio","13":"tag-liliana","14":"tag-portugal","15":"tag-pt","16":"tag-tv","17":"tag-vida-fora-da-base"},"share_on_mastodon":{"url":"https:\/\/pubeurope.com\/@pt\/115861873182014111","error":""},"_links":{"self":[{"href":"https:\/\/www.europesays.com\/pt\/wp-json\/wp\/v2\/posts\/221264","targetHints":{"allow":["GET"]}}],"collection":[{"href":"https:\/\/www.europesays.com\/pt\/wp-json\/wp\/v2\/posts"}],"about":[{"href":"https:\/\/www.europesays.com\/pt\/wp-json\/wp\/v2\/types\/post"}],"author":[{"embeddable":true,"href":"https:\/\/www.europesays.com\/pt\/wp-json\/wp\/v2\/users\/2"}],"replies":[{"embeddable":true,"href":"https:\/\/www.europesays.com\/pt\/wp-json\/wp\/v2\/comments?post=221264"}],"version-history":[{"count":0,"href":"https:\/\/www.europesays.com\/pt\/wp-json\/wp\/v2\/posts\/221264\/revisions"}],"wp:featuredmedia":[{"embeddable":true,"href":"https:\/\/www.europesays.com\/pt\/wp-json\/wp\/v2\/media\/221265"}],"wp:attachment":[{"href":"https:\/\/www.europesays.com\/pt\/wp-json\/wp\/v2\/media?parent=221264"}],"wp:term":[{"taxonomy":"category","embeddable":true,"href":"https:\/\/www.europesays.com\/pt\/wp-json\/wp\/v2\/categories?post=221264"},{"taxonomy":"post_tag","embeddable":true,"href":"https:\/\/www.europesays.com\/pt\/wp-json\/wp\/v2\/tags?post=221264"}],"curies":[{"name":"wp","href":"https:\/\/api.w.org\/{rel}","templated":true}]}}