{"id":221266,"date":"2026-01-08T22:38:17","date_gmt":"2026-01-08T22:38:17","guid":{"rendered":"https:\/\/www.europesays.com\/pt\/221266\/"},"modified":"2026-01-08T22:38:17","modified_gmt":"2026-01-08T22:38:17","slug":"dc-divulga-trecho-da-luta-entre-superman-e-capitao-patria-veja","status":"publish","type":"post","link":"https:\/\/www.europesays.com\/pt\/221266\/","title":{"rendered":"DC divulga trecho da luta entre Superman e Capit\u00e3o P\u00e1tria; Veja"},"content":{"rendered":"<p class=\"wp-block-yoast-seo-estimated-reading-time yoast-reading-time__wrapper\">Estimated reading time: 2 minutos<\/p>\n<p>M\u00eas que vem o\u00a0<a href=\"https:\/\/ovicio.com.br\/tag\/Superman\/\" target=\"_blank\" rel=\"noreferrer noopener nofollow\">Superman<\/a> vai\u00a0finalmente enfrentar o\u00a0<a href=\"https:\/\/ovicio.com.br\/tag\/Capitao-Patria\/\" target=\"_blank\" rel=\"noreferrer noopener nofollow\">Capit\u00e3o P\u00e1tria<\/a>, e a <strong>DC Comics<\/strong>\u00a0j\u00e1 liberou um trecho da luta em uma pr\u00e9via.<\/p>\n<p>A luta acontecer\u00e1 em <strong>DC K.O. Boss Battle<\/strong>, especial que ser\u00e1 publicado em <strong>4 de fevereiro<\/strong> nos EUA. Veja:<\/p>\n<p><img fetchpriority=\"high\" decoding=\"async\" width=\"675\" height=\"1024\" src=\"https:\/\/www.europesays.com\/pt\/wp-content\/uploads\/2026\/01\/20260108-image-8-675x1024.png\" alt=\"\" class=\"lazyload wp-image-889648\"  data-\/>Reprodu\u00e7\u00e3o\/DC Comics<\/p>\n<p>Em\u00a0<strong>DC K.O. Boss Battle<\/strong>,\u00a0<strong>Superman<\/strong>,<strong>\u00a0Mulher-Maravilha\u00a0<\/strong>e<strong>\u00a0Aquaman<\/strong>\u00a0ser\u00e3o for\u00e7ados a lutar contra\u00a0<strong>Capit\u00e3o P\u00e1tria<\/strong>,<strong>\u00a0Samantha Strong<\/strong>,\u00a0<strong>Red Sonja<\/strong>,<strong>\u00a0Vampirella<\/strong>,<strong>\u00a0Sub-Zero\u00a0<\/strong>e\u00a0<strong>Annabelle<\/strong>.<\/p>\n<p><img loading=\"lazy\" decoding=\"async\" width=\"666\" height=\"1024\" src=\"https:\/\/www.europesays.com\/pt\/wp-content\/uploads\/2026\/01\/20260108-image-10.png\" alt=\"\" class=\"lazyload wp-image-889661\"  data-\/>Reprodu\u00e7\u00e3o\/DC Comics<\/p>\n<p>Assinado por\u00a0<strong>Jeremy Adams<\/strong>,\u00a0<strong>Carmine Di Giandomenico<\/strong>\u00a0e<strong>\u00a0Ronan Cliquet<\/strong>, o especial segue a trama dos her\u00f3is tendo que acumular o m\u00e1ximo poss\u00edvel de Energia \u00d4mega para domar\u00a0o<strong>\u00a0Cora\u00e7\u00e3o de Apokolips<\/strong>. H\u00e1 a expectativa de mais personagens surgirem de surpresa.<\/p>\n<p>Leia tamb\u00e9m sobre a DC:<\/p>\n<p><strong>Fonte: <\/strong><a href=\"https:\/\/aiptcomics.com\/2026\/01\/08\/dc-k-o-boss-battle-1-first-preview\/\" target=\"_blank\" rel=\"noreferrer noopener nofollow\">AIPT<\/a><\/p>\n","protected":false},"excerpt":{"rendered":"Estimated reading time: 2 minutos M\u00eas que vem o\u00a0Superman vai\u00a0finalmente enfrentar o\u00a0Capit\u00e3o P\u00e1tria, e a DC Comics\u00a0j\u00e1 liberou&hellip;\n","protected":false},"author":2,"featured_media":221267,"comment_status":"","ping_status":"","sticky":false,"template":"","format":"standard","meta":{"footnotes":""},"categories":[140],"tags":[24910,38507,38508,114,115,147,148,146,32,33,38509,38510,1248,19815,38511],"class_list":{"0":"post-221266","1":"post","2":"type-post","3":"status-publish","4":"format-standard","5":"has-post-thumbnail","7":"category-filmes","8":"tag-annabelle","9":"tag-capitao-patria","10":"tag-dc-k-o","11":"tag-entertainment","12":"tag-entretenimento","13":"tag-film","14":"tag-filmes","15":"tag-movies","16":"tag-portugal","17":"tag-pt","18":"tag-red-sonja","19":"tag-scott-snyder","20":"tag-superman","21":"tag-the-boys","22":"tag-vampirella"},"share_on_mastodon":{"url":"https:\/\/pubeurope.com\/@pt\/115861881690263269","error":""},"_links":{"self":[{"href":"https:\/\/www.europesays.com\/pt\/wp-json\/wp\/v2\/posts\/221266","targetHints":{"allow":["GET"]}}],"collection":[{"href":"https:\/\/www.europesays.com\/pt\/wp-json\/wp\/v2\/posts"}],"about":[{"href":"https:\/\/www.europesays.com\/pt\/wp-json\/wp\/v2\/types\/post"}],"author":[{"embeddable":true,"href":"https:\/\/www.europesays.com\/pt\/wp-json\/wp\/v2\/users\/2"}],"replies":[{"embeddable":true,"href":"https:\/\/www.europesays.com\/pt\/wp-json\/wp\/v2\/comments?post=221266"}],"version-history":[{"count":0,"href":"https:\/\/www.europesays.com\/pt\/wp-json\/wp\/v2\/posts\/221266\/revisions"}],"wp:featuredmedia":[{"embeddable":true,"href":"https:\/\/www.europesays.com\/pt\/wp-json\/wp\/v2\/media\/221267"}],"wp:attachment":[{"href":"https:\/\/www.europesays.com\/pt\/wp-json\/wp\/v2\/media?parent=221266"}],"wp:term":[{"taxonomy":"category","embeddable":true,"href":"https:\/\/www.europesays.com\/pt\/wp-json\/wp\/v2\/categories?post=221266"},{"taxonomy":"post_tag","embeddable":true,"href":"https:\/\/www.europesays.com\/pt\/wp-json\/wp\/v2\/tags?post=221266"}],"curies":[{"name":"wp","href":"https:\/\/api.w.org\/{rel}","templated":true}]}}