{"id":221274,"date":"2026-01-08T22:47:14","date_gmt":"2026-01-08T22:47:14","guid":{"rendered":"https:\/\/www.europesays.com\/pt\/221274\/"},"modified":"2026-01-08T22:47:14","modified_gmt":"2026-01-08T22:47:14","slug":"pedro-siza-vieira-ventura-tem-o-seu-rebanho-e-os-seus-eleitores-nao-seguem-outro-pastor","status":"publish","type":"post","link":"https:\/\/www.europesays.com\/pt\/221274\/","title":{"rendered":"Pedro Siza Vieira: \u201cVentura tem o seu rebanho e os seus eleitores n\u00e3o seguem outro pastor\u201d"},"content":{"rendered":"<p>At\u00e9 Maduro e a esposa come\u00e7arem a ser julgados em mar\u00e7o, Trump conta com a manuten\u00e7\u00e3o do regime venezuelano para ganhar muito dinheiro com a comercializa\u00e7\u00e3o do petr\u00f3leo. Para l\u00e1 do que aconteceu e da forma como aconteceu, o presidente norte-americano e todo o seu s\u00e9quito n\u00e3o perderam tempo a mostrar em que direc\u00e7\u00e3o vai o mundo: Col\u00f4mbia, Cuba e Gronel\u00e2ndia s\u00e3o os pr\u00f3ximos alvos.<\/p>\n<p>Montinique Monroe<\/p>\n<p>Por c\u00e1, entre ginjinhas e provas de vinho, os candidatos s\u00e3o diariamente chamados a comentar a espuma dos dias e n\u00e3o se torna f\u00e1cil perceber o que fariam se fossem presidentes da Rep\u00fablica. Como esta sexta-feira h\u00e1 Conselho de Estado para debater a Ucr\u00e2nia, a Venezuela e, talvez, a Gronel\u00e2ndia, o pa\u00eds deve poder contar com a diligente ac\u00e7\u00e3o dos jornalistas na estrada, transformando todos os candidatos em conselheiros de Estado. As sondagens insistem em dizer-nos que, de certeza, haver\u00e1 segunda volta a 8 de fevereiro com a grande incerteza de existirem cinco candidatos para duas vagas. Umas poucas dezenas de milhar de votos podem fazer a diferen\u00e7a e o voto \u00fatil passou a ser o tema mais importante da campanha.<\/p>\n<p>Est\u00e1 com o Bloco Central, a modera\u00e7\u00e3o da conversa entre Pedro Marques Lopes e Pedro Siza Vieira \u00e9 feita por Paulo Baldaia. A sonoplastia \u00e9 de Gustavo Carvalho.<\/p>\n<p>Pedro Siza Vieira e Pedro Marques Lopes analisam os acontecimentos e os protagonistas da semana, com modera\u00e7\u00e3o de Paulo Baldaia. Quinze anos depois da estreia na TSF, os epis\u00f3dios passam a sair \u00e0 quinta-feira, dia de Conselho de Ministros, no Expresso. A fechar, e como sempre, o bloco central de interesses, com sugest\u00f5es para as coisas importantes da vida.<\/p>\n","protected":false},"excerpt":{"rendered":"At\u00e9 Maduro e a esposa come\u00e7arem a ser julgados em mar\u00e7o, Trump conta com a manuten\u00e7\u00e3o do regime&hellip;\n","protected":false},"author":2,"featured_media":60217,"comment_status":"","ping_status":"","sticky":false,"template":"","format":"standard","meta":{"footnotes":""},"categories":[50],"tags":[27,28,15,16,14,25,26,21,22,62,12,13,19,20,23,24,17,18,29,30,31,63,64,65],"class_list":{"0":"post-221274","1":"post","2":"type-post","3":"status-publish","4":"format-standard","5":"has-post-thumbnail","7":"category-mundo","8":"tag-breaking-news","9":"tag-breakingnews","10":"tag-featured-news","11":"tag-featurednews","12":"tag-headlines","13":"tag-latest-news","14":"tag-latestnews","15":"tag-main-news","16":"tag-mainnews","17":"tag-mundo","18":"tag-news","19":"tag-noticias","20":"tag-noticias-principais","21":"tag-noticiasprincipais","22":"tag-principais-noticias","23":"tag-principaisnoticias","24":"tag-top-stories","25":"tag-topstories","26":"tag-ultimas","27":"tag-ultimas-noticias","28":"tag-ultimasnoticias","29":"tag-world","30":"tag-world-news","31":"tag-worldnews"},"share_on_mastodon":{"url":"https:\/\/pubeurope.com\/@pt\/115861916586270528","error":""},"_links":{"self":[{"href":"https:\/\/www.europesays.com\/pt\/wp-json\/wp\/v2\/posts\/221274","targetHints":{"allow":["GET"]}}],"collection":[{"href":"https:\/\/www.europesays.com\/pt\/wp-json\/wp\/v2\/posts"}],"about":[{"href":"https:\/\/www.europesays.com\/pt\/wp-json\/wp\/v2\/types\/post"}],"author":[{"embeddable":true,"href":"https:\/\/www.europesays.com\/pt\/wp-json\/wp\/v2\/users\/2"}],"replies":[{"embeddable":true,"href":"https:\/\/www.europesays.com\/pt\/wp-json\/wp\/v2\/comments?post=221274"}],"version-history":[{"count":0,"href":"https:\/\/www.europesays.com\/pt\/wp-json\/wp\/v2\/posts\/221274\/revisions"}],"wp:featuredmedia":[{"embeddable":true,"href":"https:\/\/www.europesays.com\/pt\/wp-json\/wp\/v2\/media\/60217"}],"wp:attachment":[{"href":"https:\/\/www.europesays.com\/pt\/wp-json\/wp\/v2\/media?parent=221274"}],"wp:term":[{"taxonomy":"category","embeddable":true,"href":"https:\/\/www.europesays.com\/pt\/wp-json\/wp\/v2\/categories?post=221274"},{"taxonomy":"post_tag","embeddable":true,"href":"https:\/\/www.europesays.com\/pt\/wp-json\/wp\/v2\/tags?post=221274"}],"curies":[{"name":"wp","href":"https:\/\/api.w.org\/{rel}","templated":true}]}}