{"id":221277,"date":"2026-01-08T22:50:10","date_gmt":"2026-01-08T22:50:10","guid":{"rendered":"https:\/\/www.europesays.com\/pt\/221277\/"},"modified":"2026-01-08T22:50:10","modified_gmt":"2026-01-08T22:50:10","slug":"patricia-abravanel-encanta-ao-abrir-album-de-fotos-de-viagem-em-familia","status":"publish","type":"post","link":"https:\/\/www.europesays.com\/pt\/221277\/","title":{"rendered":"Patricia Abravanel encanta ao abrir \u00e1lbum de fotos de viagem em fam\u00edlia"},"content":{"rendered":"<p><strong><a href=\"https:\/\/caras.com.br\/tags\/patricia-abravanel\" target=\"_blank\" rel=\"noopener nofollow\">Patricia Abravanel<\/a>\u00a0<\/strong>chamou a aten\u00e7\u00e3o dos seguidores das redes sociais na tarde desta quinta-feira, 8, ao abrir o \u00e1lbum de fotos de uma viagem de f\u00e9rias que realizou com sua fam\u00edlia.<\/p>\n<p>Discreta em rela\u00e7\u00e3o a sua vida pessoal, a apresentadora encantou ao mostrar v\u00e1rios momentos de lazer ao lado do marido, <strong>F\u00e1bio Faria<\/strong>, e dos tr\u00eas filhos deles, <strong>Pedro<\/strong>, de 11 anos, <strong>Jane<\/strong>, de 7, e <strong>Senor<\/strong>, de 6.<\/p>\n<p>Nas imagens postadas no feed, a herdeira de <strong>Silvio Santos<\/strong> (1930-2024) aparece passeando de barco com a fam\u00edlia, se divertindo no local em que eles estavam hospedados e tamb\u00e9m fazendo outros passeios.\u00a0\u201cMeu melhor roteiro de f\u00e9rias \u00e9 estar com eles\u201d, escreveu Patricia na legenda da publica\u00e7\u00e3o.<\/p>\n<p>O post recebeu v\u00e1rios coment\u00e1rios.\u00a0\u201cSua melhor vers\u00e3o \u00e9 quando est\u00e1 com eles. Que amor\u201d, disse uma seguidora.\u00a0\u201cFam\u00edlia preciosa\u201d, escreveu outra.\u00a0\u201cQue fam\u00edlia linda e aben\u00e7oada, amo voc\u00eas\u201d, declarou uma f\u00e3.<\/p>\n<p><strong>Confira a publica\u00e7\u00e3o:<\/strong><\/p>\n<blockquote class=\"instagram-media\" style=\"background: #FFF; border: 0; border-radius: 3px; box-shadow: 0 0 1px 0 rgba(0,0,0,0.5),0 1px 10px 0 rgba(0,0,0,0.15); margin: 1px; max-width: 540px; min-width: 326px; padding: 0; width: calc(100% - 2px);\" data-instgrm-permalink=\"https:\/\/www.instagram.com\/p\/DTQkfwvj0AG\/?utm_source=ig_embed&amp;utm_campaign=loading\" data-instgrm-version=\"14\"><\/blockquote>\n<p>Recentemente, a apresentadora\u00a0Patricia Abravanel usou as redes sociais para relembrar uma experi\u00eancia negativa que teve ao colocar lentes nos dentes. Ela adotou a t\u00e9cnica em 2020, quando realizou o procedimento com o dentista Rafael Puglisi, conhecido como \u201co dentista dos famosos\u201d, que morreu em setembro de 2023.<\/p>\n<p>Tempos depois, por praticidade, buscou outro profissional para ajustar o sorriso, mas o resultado n\u00e3o saiu como esperado.\u00a0\u201cEu fiz o dente em 2020 com o Rafa (Puglisi). Nunca, ningu\u00e9m me perguntou se o dente era lente. Por quest\u00e3o de praticidade, fui a outro profissional, para fazer limpeza e fui encantada a trocar as lentes. Eu troquei. N\u00e3o deu cinco dias e me perguntaram: \u2018Voc\u00ea colocou dente?\u2019.\u00a0Nunca quis que meus dentes parecessem feitos. Queria o dente (com aspecto) natural\u201d, declarou. <a href=\"https:\/\/caras.com.br\/beleza\/patricia-abravanel-relembra-frustracao-com-procedimento-nos-dentes-nunca-quis.phtml\" target=\"_blank\" rel=\"noopener nofollow\"><strong>Saiba mais!<\/strong><\/a><\/p>\n<p><strong>Leia tamb\u00e9m:<\/strong> <a href=\"https:\/\/caras.com.br\/datas-especiais\/patricia-abravanel-mostra-filho-de-rebeca-abravanel-em-natal-em-familia-veja.phtml\" target=\"_blank\" rel=\"noopener nofollow\">Patricia Abravanel mostra filho de Rebeca Abravanel em Natal em fam\u00edlia; veja<\/a><\/p>\n<p>        <a href=\"https:\/\/caras.com.br\/autor\/daniela-santos\" rel=\"nofollow noopener\" target=\"_blank\">&#13;<br \/>\n          <img loading=\"lazy\" decoding=\"async\" alt=\"Daniela Santos\" src=\"https:\/\/www.europesays.com\/pt\/wp-content\/uploads\/2025\/09\/1758949148_187_daniela-santos_sqmd.jpg\" class=\"avatar avatar-115 photo rounded-circle\" height=\"115\" width=\"115\"\/>        <\/a><\/p>\n<p><b>Daniela Santos<\/b> \u00e9 rep\u00f3rter do site CARAS. Formada em jornalismo pela FIAM FAAM, atua na \u00e1rea de celebridades e TV desde 2018<\/p>\n<p>\t                                            <script async src=\"\/\/www.instagram.com\/embed.js\"><\/script><\/p>\n","protected":false},"excerpt":{"rendered":"Patricia Abravanel\u00a0chamou a aten\u00e7\u00e3o dos seguidores das redes sociais na tarde desta quinta-feira, 8, ao abrir o \u00e1lbum&hellip;\n","protected":false},"author":2,"featured_media":221278,"comment_status":"","ping_status":"","sticky":false,"template":"","format":"standard","meta":{"footnotes":""},"categories":[145],"tags":[211,210,114,115,981,1870,11302,30391,32,33,814],"class_list":{"0":"post-221277","1":"post","2":"type-post","3":"status-publish","4":"format-standard","5":"has-post-thumbnail","7":"category-celebridades","8":"tag-celebridades","9":"tag-celebrities","10":"tag-entertainment","11":"tag-entretenimento","12":"tag-familia","13":"tag-filhos","14":"tag-marido","15":"tag-patricia-abravanel","16":"tag-portugal","17":"tag-pt","18":"tag-viagem"},"share_on_mastodon":{"url":"https:\/\/pubeurope.com\/@pt\/115861928219786506","error":""},"_links":{"self":[{"href":"https:\/\/www.europesays.com\/pt\/wp-json\/wp\/v2\/posts\/221277","targetHints":{"allow":["GET"]}}],"collection":[{"href":"https:\/\/www.europesays.com\/pt\/wp-json\/wp\/v2\/posts"}],"about":[{"href":"https:\/\/www.europesays.com\/pt\/wp-json\/wp\/v2\/types\/post"}],"author":[{"embeddable":true,"href":"https:\/\/www.europesays.com\/pt\/wp-json\/wp\/v2\/users\/2"}],"replies":[{"embeddable":true,"href":"https:\/\/www.europesays.com\/pt\/wp-json\/wp\/v2\/comments?post=221277"}],"version-history":[{"count":0,"href":"https:\/\/www.europesays.com\/pt\/wp-json\/wp\/v2\/posts\/221277\/revisions"}],"wp:featuredmedia":[{"embeddable":true,"href":"https:\/\/www.europesays.com\/pt\/wp-json\/wp\/v2\/media\/221278"}],"wp:attachment":[{"href":"https:\/\/www.europesays.com\/pt\/wp-json\/wp\/v2\/media?parent=221277"}],"wp:term":[{"taxonomy":"category","embeddable":true,"href":"https:\/\/www.europesays.com\/pt\/wp-json\/wp\/v2\/categories?post=221277"},{"taxonomy":"post_tag","embeddable":true,"href":"https:\/\/www.europesays.com\/pt\/wp-json\/wp\/v2\/tags?post=221277"}],"curies":[{"name":"wp","href":"https:\/\/api.w.org\/{rel}","templated":true}]}}