{"id":221279,"date":"2026-01-08T22:53:19","date_gmt":"2026-01-08T22:53:19","guid":{"rendered":"https:\/\/www.europesays.com\/pt\/221279\/"},"modified":"2026-01-08T22:53:19","modified_gmt":"2026-01-08T22:53:19","slug":"recorde-a-ultima-entrevista-que-maycon-douglas-concedeu-a-selfie-nem-tudo-e-bom-mas-tambem-nem-tudo-e-mau","status":"publish","type":"post","link":"https:\/\/www.europesays.com\/pt\/221279\/","title":{"rendered":"Recorde a \u00faltima entrevista que Maycon Douglas concedeu \u00e0 SELFIE: &#8220;Nem tudo \u00e9 bom, mas tamb\u00e9m nem tudo \u00e9 mau&#8221;"},"content":{"rendered":"<p>A not\u00edcia da <a href=\"https:\/\/selfie.iol.pt\/famosos\/maycon-douglas\/arrepiante-homenagem-equipa-de-secret-story-reage-a-morte-de-maycon-douglas\/20260107\/695ecb0ad34e92a344971c0e\" target=\"_blank\" rel=\"nofollow noopener\">morte de Maycon Douglas<\/a> n\u00e3o deixou ningu\u00e9m indiferente e, agora, a SELFIE recupera a \u00faltima entrevista que fez ao jovem, h\u00e1 pouco mais de tr\u00eas meses, na ModaLisboa, que decorreu em outubro, no P\u00e1tio da Gal\u00e9, em Lisboa.<\/p>\n<p>&#8220;Posso dizer que sim, que sou f\u00e3 de moda. Eu n\u00e3o sou a pessoa que mais est\u00e1 dentro do assunto, mas, al\u00e9m de ter a minha marca, tamb\u00e9m gosto bastante de me vestir bem, de sentir-me confort\u00e1vel e ter um toque detalhado nas roupas que eu visto&#8221;, come\u00e7ou por nos dizer o jovem.<\/p>\n<p>Sobre a marca JuicyRasta, Maycon Douglas referiu que teve &#8220;um momento de standby&#8221;,\u00a0por causa do trabalho no ver\u00e3o, &#8220;que \u00e9 sempre maior&#8221;. &#8220;Mas acabei por conseguir voltar a meter as coisas em dia. Deixei de trabalhar com outras pessoas e agora estou a trabalhar com pessoas novas, portanto houve essa mudan\u00e7a&#8221;, continuou.<\/p>\n<p>Em rela\u00e7\u00e3o \u00e0 vida depois de ter participado na oitava edi\u00e7\u00e3o de &#8220;Secret Story&#8221;, da TVI, o MC revelou que se tratava de &#8220;um pau de dois bicos&#8221;. &#8220;H\u00e1 muitas pessoas que s\u00e3o incr\u00edveis comigo, mas h\u00e1 outras que nem tanto. Foco-me muito no trabalho, nas pessoas que gostam de mim e acho que nem tudo \u00e9 bom, mas tamb\u00e9m nem tudo \u00e9 mau. H\u00e1 sempre os dois lados&#8221;, confidenciou.<\/p>\n<p>No momento em que convers\u00e1mos com Maycon Douglas, tinha come\u00e7ado h\u00e1 poucas semanas a nona edi\u00e7\u00e3o do referido reality show &#8211; que acabou por ser <a href=\"https:\/\/selfie.iol.pt\/famosos\/pedro-jorge\/pedro-jorge-presta-singela-homenagem-a-maycon-douglas-veja-a-imagem\/20260108\/695f8debd34e92a3449720af\" target=\"_blank\" rel=\"nofollow noopener\">conquistado por Pedro Jorge<\/a>. O instrutor de skate disse-nos que n\u00e3o estava a acompanhar o formato.\u00a0&#8220;N\u00e3o acompanhava antes e continuo sem acompanhar muito. V\u00e3o-me aparecendo umas coisa, mas raramente acompanho&#8221;, comentou.<\/p>\n<p>Por fim, o jovem garantiu que o respetivo cora\u00e7\u00e3o estava no s\u00edtio certo, numa altura em que se encontrava separado de Renata Reis. Soube-se, entretanto, que Maycon Douglas tinha reencontrado o amor ao lado de <a href=\"https:\/\/selfie.iol.pt\/famosos\/maycon-douglas\/namorada-reage-a-morte-de-maycon-douglas-dava-tudo-para-ter-te-parado-a-tempo\/20260108\/695f7374d34e0ec52ec1d321\" target=\"_blank\" rel=\"nofollow noopener\">Raquel Coelho<\/a>, que j\u00e1 lamentou a morte do namorado.<\/p>\n<p>Recorde-se que a\u00a0<a href=\"https:\/\/cnnportugal.iol.pt\/encontrado-cadaver\/praia-sul-da-nazare\/corpo-de-maycon-douglas-encontrado-em-praia-da-nazare\/20260107\/695e78bed34e0ec52ec1ce09\" target=\"_blank\" wbo-id=\"60\" rel=\"nofollow noopener\">CNN Portugal<\/a>\u00a0confirmou que o corpo que deu \u00e0 costa, esta quarta-feira, dia 7, na Praia do Sul, na Nazar\u00e9, \u00e9 o de Maycon Douglas, cujo paradeiro n\u00e3o era conhecido h\u00e1 uma semana.<\/p>\n","protected":false},"excerpt":{"rendered":"A not\u00edcia da morte de Maycon Douglas n\u00e3o deixou ningu\u00e9m indiferente e, agora, a SELFIE recupera a \u00faltima&hellip;\n","protected":false},"author":2,"featured_media":221280,"comment_status":"","ping_status":"","sticky":false,"template":"","format":"standard","meta":{"footnotes":""},"categories":[142],"tags":[114,115,741,4763,980,10223,1437,619,32,33,1014,1315,1012,151,162],"class_list":{"0":"post-221279","1":"post","2":"type-post","3":"status-publish","4":"format-standard","5":"has-post-thumbnail","7":"category-tv","8":"tag-entertainment","9":"tag-entretenimento","10":"tag-entrevista","11":"tag-exclusivo","12":"tag-famosos","13":"tag-maycon-douglas","14":"tag-morte","15":"tag-nacional","16":"tag-portugal","17":"tag-pt","18":"tag-reality-show","19":"tag-secret-story","20":"tag-selfie","21":"tag-tv","22":"tag-tvi"},"share_on_mastodon":{"url":"https:\/\/pubeurope.com\/@pt\/115861940003072291","error":""},"_links":{"self":[{"href":"https:\/\/www.europesays.com\/pt\/wp-json\/wp\/v2\/posts\/221279","targetHints":{"allow":["GET"]}}],"collection":[{"href":"https:\/\/www.europesays.com\/pt\/wp-json\/wp\/v2\/posts"}],"about":[{"href":"https:\/\/www.europesays.com\/pt\/wp-json\/wp\/v2\/types\/post"}],"author":[{"embeddable":true,"href":"https:\/\/www.europesays.com\/pt\/wp-json\/wp\/v2\/users\/2"}],"replies":[{"embeddable":true,"href":"https:\/\/www.europesays.com\/pt\/wp-json\/wp\/v2\/comments?post=221279"}],"version-history":[{"count":0,"href":"https:\/\/www.europesays.com\/pt\/wp-json\/wp\/v2\/posts\/221279\/revisions"}],"wp:featuredmedia":[{"embeddable":true,"href":"https:\/\/www.europesays.com\/pt\/wp-json\/wp\/v2\/media\/221280"}],"wp:attachment":[{"href":"https:\/\/www.europesays.com\/pt\/wp-json\/wp\/v2\/media?parent=221279"}],"wp:term":[{"taxonomy":"category","embeddable":true,"href":"https:\/\/www.europesays.com\/pt\/wp-json\/wp\/v2\/categories?post=221279"},{"taxonomy":"post_tag","embeddable":true,"href":"https:\/\/www.europesays.com\/pt\/wp-json\/wp\/v2\/tags?post=221279"}],"curies":[{"name":"wp","href":"https:\/\/api.w.org\/{rel}","templated":true}]}}