{"id":221281,"date":"2026-01-08T22:55:28","date_gmt":"2026-01-08T22:55:28","guid":{"rendered":"https:\/\/www.europesays.com\/pt\/221281\/"},"modified":"2026-01-08T22:55:28","modified_gmt":"2026-01-08T22:55:28","slug":"o-visual-de-maui-em-moana-foi-inspirado-em-uma-pessoal-real","status":"publish","type":"post","link":"https:\/\/www.europesays.com\/pt\/221281\/","title":{"rendered":"O visual de Maui em Moana foi inspirado em uma pessoal real"},"content":{"rendered":"<p>\n                        Dwayne Johnson interpreta Maui nos filmes de Moana e o personagem tem uma liga\u00e7\u00e3o emocionante com sua vida pessoal.\n                    <\/p>\n<ul class=\"article__header__author\">\n<li class=\"article__header__author__item\">\n                                                Por:<br \/>\n                                                                                    Bruno Botelho dos Santos \/ Adoro Cinema\n                                                                        <\/li>\n<\/ul>\n<p class=\"text\"><a href=\"https:\/\/www.adorocinema.com\/personalidades\/personalidade-38755\/\" rel=\"nofollow noopener\" target=\"_blank\">Dwayne Johnson<\/a> dublou Maui em <a href=\"https:\/\/www.adorocinema.com\/filmes\/filme-225958\/\" rel=\"nofollow noopener\" target=\"_blank\">Moana &#8211; Um Mar de Aventuras<\/a> (2016) e sua sequ\u00eancia <a href=\"https:\/\/www.adorocinema.com\/filmes\/filme-312511\/\" rel=\"nofollow noopener\" target=\"_blank\">Moana 2<\/a> (2024), e tamb\u00e9m vai interpretar o personagem no <a href=\"https:\/\/www.adorocinema.com\/filmes\/filme-314942\/\" rel=\"nofollow noopener\" target=\"_blank\">filme live-action<\/a> inspirado na anima\u00e7\u00e3o. Mas voc\u00ea sabia que ele foi inspirado no av\u00f4 de The Rock?<\/p>\n<p><img loading=\"lazy\" decoding=\"async\" alt=\"\" class=\"img-edb50fc94107f7e769864126d4bec9faxmkrn98c\" height=\"435\" src=\"https:\/\/www.europesays.com\/pt\/wp-content\/uploads\/2026\/01\/496549858-65f96699c4c149eebf538d7b9e5c3d79.jpg\"  title=\"Disney \/ Adoro Cinema\" width=\"774\"\/><\/p>\n<p>\nFoto: Disney \/ Adoro Cinema\n<\/p>\n<p>Maui foi inspirado por av\u00f4 de The Rock<\/p>\n<p class=\"text\">O pr\u00f3prio Dwayne Johnson revelou em uma publica\u00e7\u00e3o de 2017 nas redes sociais que <b>Maui foi &#8220;parcialmente inspirado&#8221; pelo seu falecido av\u00f4, Peter Maivia<\/b>. \u00c9 impressionante as semelhan\u00e7as entre o personagem de Moana e o av\u00f4 de The Rock.<\/p>\n<p><img alt=\"\" class=\"img-d82e99708cbeaa035c9832e5ef559760qh0qbfyf\" decoding=\"async\" height=\"435\" loading=\"lazy\" src=\"https:\/\/www.europesays.com\/pt\/wp-content\/uploads\/2026\/01\/1224523035-1c60f50e236e3fd6ef2b8672587a03f0.webp.jpeg\"  title=\"Adoro Cinema\" width=\"774\"\/><\/p>\n<p>\nFoto: Adoro Cinema\n<\/p>\n<p>&#8220;Isso me emociona&#8221;: A homenagem de The Rock para seu av\u00f4 em Moana<\/p>\n<p class=\"text\">Em entrevista ao Good Morning America (via People) para o lan\u00e7amento de Moana 2, Dwayne Johnson explicou como seu av\u00f4 est\u00e1 presente em Maui. <\/p>\n<p class=\"text\">&#8220;Meu av\u00f4 morreu aqui, no Hava\u00ed. E ele morreu em 1982. Est\u00e1vamos aqui quando ele morreu, e eu estava correndo por a\u00ed; n\u00e3o entendi o significado de sua morte. Eu tinha 10 anos&#8221;, relembra o ator, acrescentando que <b>Peter Maivia <\/b><b>&#8220;era exatamente como Maui, desde sua constitui\u00e7\u00e3o f\u00edsica at\u00e9 seu cabelo e seu carisma, ele cantava e era amado&#8221;<\/b>.<\/p>\n<blockquote class=\"article-quote\"><p>\n  Toda vez que interpreto Maui, estou na pele do meu av\u00f4. E isso realmente me emociona\n<\/p><\/blockquote>\n<p class=\"text\">Moana Waialiki \u00e9 uma corajosa jovem, filha \u00fanica do chefe de uma tribo na Oceania, vinda de uma longa linhagem de navegadores. Quando os pescadores de sua ilha n\u00e3o cons\u2026<\/p>\n<p class=\"text\"><a href=\"https:\/\/www.adorocinema.com\/noticias\/filmes\/noticia-1000184119\/\" rel=\"nofollow noopener\" target=\"_blank\">Artigo original publicado em AdoroCinema<\/a><\/p>\n<p class=\"text\"><a href=\"https:\/\/www.adorocinema.com\/noticias\/filmes\/noticia-1000116744\/\" rel=\"nofollow noopener\" target=\"_blank\">Maui careca? Foi assim que os criadores de Moana imaginaram o personagem, mas motivo importante os fez mudar de ideia<\/a><\/p>\n<p class=\"text\"><a href=\"https:\/\/www.adorocinema.com\/noticias\/filmes\/noticia-1000116751\/\" rel=\"nofollow noopener\" target=\"_blank\">Moana: O dia em que este trabalhador foi confundido com Maui e gerou um dos v\u00eddeos mais fofos j\u00e1 vistos<\/a><\/p>\n<p class=\"text\"><a href=\"https:\/\/www.adorocinema.com\/noticias\/filmes\/noticia-1000118685\/\" rel=\"nofollow noopener\" target=\"_blank\">Maui \u00e9 parente da Moana? Cena de Moana 2 refor\u00e7a teoria que conecta os protagonistas da anima\u00e7\u00e3o<\/a><\/p>\n","protected":false},"excerpt":{"rendered":"Dwayne Johnson interpreta Maui nos filmes de Moana e o personagem tem uma liga\u00e7\u00e3o emocionante com sua vida&hellip;\n","protected":false},"author":2,"featured_media":221282,"comment_status":"","ping_status":"","sticky":false,"template":"","format":"standard","meta":{"footnotes":""},"categories":[140],"tags":[114,115,147,148,146,32,33],"class_list":{"0":"post-221281","1":"post","2":"type-post","3":"status-publish","4":"format-standard","5":"has-post-thumbnail","7":"category-filmes","8":"tag-entertainment","9":"tag-entretenimento","10":"tag-film","11":"tag-filmes","12":"tag-movies","13":"tag-portugal","14":"tag-pt"},"share_on_mastodon":{"url":"https:\/\/pubeurope.com\/@pt\/115861948007442060","error":""},"_links":{"self":[{"href":"https:\/\/www.europesays.com\/pt\/wp-json\/wp\/v2\/posts\/221281","targetHints":{"allow":["GET"]}}],"collection":[{"href":"https:\/\/www.europesays.com\/pt\/wp-json\/wp\/v2\/posts"}],"about":[{"href":"https:\/\/www.europesays.com\/pt\/wp-json\/wp\/v2\/types\/post"}],"author":[{"embeddable":true,"href":"https:\/\/www.europesays.com\/pt\/wp-json\/wp\/v2\/users\/2"}],"replies":[{"embeddable":true,"href":"https:\/\/www.europesays.com\/pt\/wp-json\/wp\/v2\/comments?post=221281"}],"version-history":[{"count":0,"href":"https:\/\/www.europesays.com\/pt\/wp-json\/wp\/v2\/posts\/221281\/revisions"}],"wp:featuredmedia":[{"embeddable":true,"href":"https:\/\/www.europesays.com\/pt\/wp-json\/wp\/v2\/media\/221282"}],"wp:attachment":[{"href":"https:\/\/www.europesays.com\/pt\/wp-json\/wp\/v2\/media?parent=221281"}],"wp:term":[{"taxonomy":"category","embeddable":true,"href":"https:\/\/www.europesays.com\/pt\/wp-json\/wp\/v2\/categories?post=221281"},{"taxonomy":"post_tag","embeddable":true,"href":"https:\/\/www.europesays.com\/pt\/wp-json\/wp\/v2\/tags?post=221281"}],"curies":[{"name":"wp","href":"https:\/\/api.w.org\/{rel}","templated":true}]}}