{"id":221295,"date":"2026-01-08T23:07:26","date_gmt":"2026-01-08T23:07:26","guid":{"rendered":"https:\/\/www.europesays.com\/pt\/221295\/"},"modified":"2026-01-08T23:07:26","modified_gmt":"2026-01-08T23:07:26","slug":"trump-retira-eua-do-tratado-climatico-da-onu-e-de-65-outras-organizacoes-internacionais","status":"publish","type":"post","link":"https:\/\/www.europesays.com\/pt\/221295\/","title":{"rendered":"Trump retira EUA do tratado clim\u00e1tico da ONU e de 65 outras organiza\u00e7\u00f5es internacionais"},"content":{"rendered":"<p>\n  De&amp;nbsp<b>Euronews<\/b>\n<\/p>\n<p>\n                    Publicado a                 08\/01\/2026 &#8211; 10:41 GMT+1<br \/>\n                \u2022\u00daltimas not\u00edcias<br \/>\n                                     14:05\n                                        <\/p>\n<p>O presidente dos Estados Unidos da Am\u00e9rica, Donald Trump, assinou na quarta-feira uma ordem executiva que suspende a participa\u00e7\u00e3o de Washington em dezenas de ag\u00eancias, comiss\u00f5es e pain\u00e9is consultivos das Na\u00e7\u00f5es Unidas dedicados ao clima, ao trabalho, \u00e0 migra\u00e7\u00e3o e a outras quest\u00f5es que a sua administra\u00e7\u00e3o descreve como promovendo iniciativas &#8220;acordadas&#8221;.<\/p>\n<p>Isto significa que os EUA v\u00e3o retirar-se de 66 organiza\u00e7\u00f5es internacionais, incluindo o quadro do tratado clim\u00e1tico da ONU, marcando o maior afastamento da coopera\u00e7\u00e3o global na sua hist\u00f3ria moderna.<\/p>\n<p>O secret\u00e1rio de Estado dos EUA, Marco Rubio, afirmou que as institui\u00e7\u00f5es s\u00e3o &#8220;redundantes no seu \u00e2mbito, mal geridas, desnecess\u00e1rias, esbanjadoras, capturadas pelos interesses de agentes que promovem as suas pr\u00f3prias agendas contr\u00e1rias \u00e0s nossas, ou uma amea\u00e7a \u00e0 soberania da nossa na\u00e7\u00e3o&#8221;.<\/p>\n<p>A retirada da Conven\u00e7\u00e3o-Quadro das Na\u00e7\u00f5es Unidas sobre Altera\u00e7\u00f5es Clim\u00e1ticas &#8211; o tratado de 1992 que est\u00e1 na base do acordo clim\u00e1tico de Paris &#8211; deixa os EUA como o \u00fanico pa\u00eds fora do quadro clim\u00e1tico global. Trump, que considera as altera\u00e7\u00f5es clim\u00e1ticas uma farsa, retirou-se do acordo de Paris pouco depois de regressar \u00e0 Casa Branca.<\/p>\n<p>A \u00faltima decis\u00e3o de Trump suscitou fortes cr\u00edticas de especialistas e antigos funcion\u00e1rios de Washington.<\/p>\n<p>Gina McCarthy, ex-conselheira nacional para o clima da Casa Branca, disse que a decis\u00e3o foi &#8220;m\u00edope, embara\u00e7osa e tola&#8221;. A ex-conselheira alertou para o facto de os EUA estarem a perder a capacidade de influenciar bili\u00f5es de d\u00f3lares em investimentos e pol\u00edticas clim\u00e1ticas.<\/p>\n<p>O cientista clim\u00e1tico Rob Jackson, que preside ao Projeto Carbono Global, que acompanha as emiss\u00f5es globais, afirmou que a retirada &#8220;d\u00e1 a outras na\u00e7\u00f5es a desculpa para adiarem as suas pr\u00f3prias ac\u00e7\u00f5es e compromissos&#8221; em mat\u00e9ria de redu\u00e7\u00e3o dos gases com efeito de estufa.<\/p>\n<p>O que os EUA est\u00e3o a abandonar?<\/p>\n<p>Os EUA tamb\u00e9m v\u00e3o abandonar o Fundo das Na\u00e7\u00f5es Unidas para a Popula\u00e7\u00e3o, que presta servi\u00e7os de sa\u00fade sexual e reprodutiva em todo o mundo. Durante o seu primeiro mandato, Trump cortou o financiamento da ag\u00eancia devido a acusa\u00e7\u00f5es dos republicanos de que esta participava em pr\u00e1ticas de aborto coercivo na China. No entanto, uma revis\u00e3o do Departamento de Estado em 2022 n\u00e3o encontrou provas que apoiassem essas alega\u00e7\u00f5es.<\/p>\n<p>Outras organiza\u00e7\u00f5es inclu\u00eddas na lista de retirada s\u00e3o o Pacto de Energia Livre de Carbono, a Universidade das Na\u00e7\u00f5es Unidas, o Comit\u00e9 Consultivo Internacional do Algod\u00e3o, a Organiza\u00e7\u00e3o Internacional de Madeiras Tropicais, a Parceria para a Coopera\u00e7\u00e3o Atl\u00e2ntica e o Grupo Internacional de Estudos de Chumbo e Zinco.<\/p>\n<p>A administra\u00e7\u00e3o j\u00e1 suspendeu o apoio \u00e0 Organiza\u00e7\u00e3o Mundial de Sa\u00fade, \u00e0 ag\u00eancia da ONU para os refugiados palestinianos (UNRWA), ao Conselho dos Direitos Humanos da ONU e \u00e0 UNESCO. Adotou o que os funcion\u00e1rios descrevem como uma abordagem &#8220;\u00e0 la carte&#8221; ao financiamento da ONU, apoiando apenas opera\u00e7\u00f5es alinhadas com a agenda de Trump.<\/p>\n<p>Daniel Forti, diretor de assuntos da ONU no Grupo de Crise Internacional, disse que a abordagem representa &#8220;a cristaliza\u00e7\u00e3o da abordagem dos EUA ao multilateralismo, que \u00e9 &#8216;o meu caminho ou a autoestrada'&#8221;.<\/p>\n<p>A mudan\u00e7a marca um afastamento da forma como as administra\u00e7\u00f5es republicana e democrata historicamente se envolveram com a ONU.<\/p>\n<p>O organismo mundial respondeu com cortes de pessoal e de programas, enquanto numerosas organiza\u00e7\u00f5es n\u00e3o governamentais encerraram projectos depois de Trump ter cortado a ajuda externa atrav\u00e9s da USAID.<\/p>\n<p>Os funcion\u00e1rios da administra\u00e7\u00e3o Trump afirmaram que pretendem concentrar os recursos na expans\u00e3o da influ\u00eancia dos EUA nos organismos de normaliza\u00e7\u00e3o da ONU, onde competem com a China, nomeadamente na Uni\u00e3o Internacional das Telecomunica\u00e7\u00f5es, na Organiza\u00e7\u00e3o Mar\u00edtima Internacional e na Organiza\u00e7\u00e3o Internacional do Trabalho.<\/p>\n<p>Estas sa\u00eddas ocorrem num momento em que Trump tem perturbado aliados e advers\u00e1rios com a\u00e7\u00f5es militares, incluindo a captura do presidente da Venezuela, Nicol\u00e1s Maduro, e amea\u00e7as de anexa\u00e7\u00e3o da Gronel\u00e2ndia.<\/p>\n","protected":false},"excerpt":{"rendered":"De&amp;nbspEuronews Publicado a 08\/01\/2026 &#8211; 10:41 GMT+1 \u2022\u00daltimas not\u00edcias 14:05 O presidente dos Estados Unidos da Am\u00e9rica, Donald&hellip;\n","protected":false},"author":2,"featured_media":221296,"comment_status":"","ping_status":"","sticky":false,"template":"","format":"standard","meta":{"footnotes":""},"categories":[8],"tags":[27,28,2271,92,15,16,14,25,26,21,22,911,12,13,19,20,32,23,24,33,17,18,29,30,31],"class_list":{"0":"post-221295","1":"post","2":"type-post","3":"status-publish","4":"format-standard","5":"has-post-thumbnail","7":"category-principais-noticias","8":"tag-breaking-news","9":"tag-breakingnews","10":"tag-clima","11":"tag-donald-trump","12":"tag-featured-news","13":"tag-featurednews","14":"tag-headlines","15":"tag-latest-news","16":"tag-latestnews","17":"tag-main-news","18":"tag-mainnews","19":"tag-nacoes-unidas","20":"tag-news","21":"tag-noticias","22":"tag-noticias-principais","23":"tag-noticiasprincipais","24":"tag-portugal","25":"tag-principais-noticias","26":"tag-principaisnoticias","27":"tag-pt","28":"tag-top-stories","29":"tag-topstories","30":"tag-ultimas","31":"tag-ultimas-noticias","32":"tag-ultimasnoticias"},"share_on_mastodon":{"url":"https:\/\/pubeurope.com\/@pt\/115861995053530564","error":""},"_links":{"self":[{"href":"https:\/\/www.europesays.com\/pt\/wp-json\/wp\/v2\/posts\/221295","targetHints":{"allow":["GET"]}}],"collection":[{"href":"https:\/\/www.europesays.com\/pt\/wp-json\/wp\/v2\/posts"}],"about":[{"href":"https:\/\/www.europesays.com\/pt\/wp-json\/wp\/v2\/types\/post"}],"author":[{"embeddable":true,"href":"https:\/\/www.europesays.com\/pt\/wp-json\/wp\/v2\/users\/2"}],"replies":[{"embeddable":true,"href":"https:\/\/www.europesays.com\/pt\/wp-json\/wp\/v2\/comments?post=221295"}],"version-history":[{"count":0,"href":"https:\/\/www.europesays.com\/pt\/wp-json\/wp\/v2\/posts\/221295\/revisions"}],"wp:featuredmedia":[{"embeddable":true,"href":"https:\/\/www.europesays.com\/pt\/wp-json\/wp\/v2\/media\/221296"}],"wp:attachment":[{"href":"https:\/\/www.europesays.com\/pt\/wp-json\/wp\/v2\/media?parent=221295"}],"wp:term":[{"taxonomy":"category","embeddable":true,"href":"https:\/\/www.europesays.com\/pt\/wp-json\/wp\/v2\/categories?post=221295"},{"taxonomy":"post_tag","embeddable":true,"href":"https:\/\/www.europesays.com\/pt\/wp-json\/wp\/v2\/tags?post=221295"}],"curies":[{"name":"wp","href":"https:\/\/api.w.org\/{rel}","templated":true}]}}