{"id":221312,"date":"2026-01-08T23:23:16","date_gmt":"2026-01-08T23:23:16","guid":{"rendered":"https:\/\/www.europesays.com\/pt\/221312\/"},"modified":"2026-01-08T23:23:16","modified_gmt":"2026-01-08T23:23:16","slug":"ocde-recomenda-que-portugal-limite-as-reformas-antecipadas-human-resources","status":"publish","type":"post","link":"https:\/\/www.europesays.com\/pt\/221312\/","title":{"rendered":"OCDE recomenda que Portugal limite as reformas antecipadas \u2013 Human Resources"},"content":{"rendered":"<p>                                    <img decoding=\"async\" alt=\"\" src=\"https:\/\/www.europesays.com\/pt\/wp-content\/uploads\/2026\/01\/OCDE2.png\"\/><\/p>\n<p class=\"\"><strong>O Estado portugu\u00eas dever\u00e1 adoptar medidas para prolongar a vida activa, nomeadamente atrav\u00e9s de programas de requalifica\u00e7\u00e3o profissional, e limitar o acesso \u00e0 reforma antecipada, quem o diz \u00e9 um relat\u00f3rio sobre Portugal divulgado pela Organiza\u00e7\u00e3o para a Coopera\u00e7\u00e3o e Desenvolvimento Econ\u00f3mico (OCDE).<\/strong><\/p>\n<p>\u00a0<\/p>\n<p class=\"\">A OCDE reconhece que a idade efectiva de reforma em Portugal tem vindo a aumentar, reflectindo a evolu\u00e7\u00e3o da esperan\u00e7a de vida aos 65 anos, mas considera que o pa\u00eds dever\u00e1 \u201cir mais longe\u201d, prolongando a vida ativa \u201cnomeadamente refor\u00e7ando o apoio \u00e0s pessoas mais velhas para permanecerem no mercado de trabalho\u201d. Paralelamente, dever\u00e1 limitar \u201cprogressivamente as condi\u00e7\u00f5es de acesso \u00e0 reforma antecipada\u201d, l\u00ea-se no documento.<\/p>\n<p class=\"\">A OCDE acredita que \u201co desenho de programas de aumento de compet\u00eancias (sobretudo digitais), a promo\u00e7\u00e3o de acordos de trabalho flex\u00edveis para trabalhadores mais velhos e a integra\u00e7\u00e3o dos servi\u00e7os de emprego p\u00fablicos locais com os centros de forma\u00e7\u00e3o profissional serviriam para ter vidas laborais mais longas\u201d. Portugal \u00e9 o quinto pa\u00eds da organiza\u00e7\u00e3o que menos gasta no acesso a forma\u00e7\u00e3o para trabalhadores mais velhos, segundo o relat\u00f3rio.<\/p>\n<p class=\"\">O relat\u00f3rio sobre Portugal foca-se tamb\u00e9m no problema habitacional, defendendo a OCDE \u201ca transi\u00e7\u00e3o gradual de uma parte dos impostos sobre as transa\u00e7\u00f5es para impostos peri\u00f3dicos sobre o patrim\u00f3nio, bem como o agravamento da tributa\u00e7\u00e3o sobre os im\u00f3veis devolutos\u201d. Com o agravamento do IMI, a OCDE acredita que seria poss\u00edvel aumentar a oferta de casas no mercado. Mas defende igualmente o refor\u00e7o do investimento em habita\u00e7\u00e3o social \u201cprestando ao mesmo tempo um apoio mais direcionado \u00e0 popula\u00e7\u00e3o com baixos rendimentos\u201d.<\/p>\n","protected":false},"excerpt":{"rendered":"O Estado portugu\u00eas dever\u00e1 adoptar medidas para prolongar a vida activa, nomeadamente atrav\u00e9s de programas de requalifica\u00e7\u00e3o profissional,&hellip;\n","protected":false},"author":2,"featured_media":221313,"comment_status":"","ping_status":"","sticky":false,"template":"","format":"standard","meta":{"footnotes":""},"categories":[83],"tags":[88,89,90,619,16214,32,33],"class_list":{"0":"post-221312","1":"post","2":"type-post","3":"status-publish","4":"format-standard","5":"has-post-thumbnail","7":"category-empresas","8":"tag-business","9":"tag-economy","10":"tag-empresas","11":"tag-nacional","12":"tag-ocde","13":"tag-portugal","14":"tag-pt"},"share_on_mastodon":{"url":"https:\/\/pubeurope.com\/@pt\/115862058099662810","error":""},"_links":{"self":[{"href":"https:\/\/www.europesays.com\/pt\/wp-json\/wp\/v2\/posts\/221312","targetHints":{"allow":["GET"]}}],"collection":[{"href":"https:\/\/www.europesays.com\/pt\/wp-json\/wp\/v2\/posts"}],"about":[{"href":"https:\/\/www.europesays.com\/pt\/wp-json\/wp\/v2\/types\/post"}],"author":[{"embeddable":true,"href":"https:\/\/www.europesays.com\/pt\/wp-json\/wp\/v2\/users\/2"}],"replies":[{"embeddable":true,"href":"https:\/\/www.europesays.com\/pt\/wp-json\/wp\/v2\/comments?post=221312"}],"version-history":[{"count":0,"href":"https:\/\/www.europesays.com\/pt\/wp-json\/wp\/v2\/posts\/221312\/revisions"}],"wp:featuredmedia":[{"embeddable":true,"href":"https:\/\/www.europesays.com\/pt\/wp-json\/wp\/v2\/media\/221313"}],"wp:attachment":[{"href":"https:\/\/www.europesays.com\/pt\/wp-json\/wp\/v2\/media?parent=221312"}],"wp:term":[{"taxonomy":"category","embeddable":true,"href":"https:\/\/www.europesays.com\/pt\/wp-json\/wp\/v2\/categories?post=221312"},{"taxonomy":"post_tag","embeddable":true,"href":"https:\/\/www.europesays.com\/pt\/wp-json\/wp\/v2\/tags?post=221312"}],"curies":[{"name":"wp","href":"https:\/\/api.w.org\/{rel}","templated":true}]}}