{"id":221314,"date":"2026-01-08T23:24:23","date_gmt":"2026-01-08T23:24:23","guid":{"rendered":"https:\/\/www.europesays.com\/pt\/221314\/"},"modified":"2026-01-08T23:24:23","modified_gmt":"2026-01-08T23:24:23","slug":"caracas-denuncia-mancha-sem-precedentes-nos-lacos-com-washington","status":"publish","type":"post","link":"https:\/\/www.europesays.com\/pt\/221314\/","title":{"rendered":"Caracas denuncia &#8220;mancha&#8221; sem precedentes nos la\u00e7os com Washington"},"content":{"rendered":"<p data-remotead-prev-elm=\"true\" data-remotead-elm-id=\"inread\">A presidente interina da Venezuela, Delcy Rodriguez, afirmou, durante uma cerim\u00f3nia oficial, que existe <strong>&#8220;uma mancha&#8221; nas rela\u00e7\u00f5es com os Estados Unidos<\/strong>, desde a captura do Presidente Nicol\u00e1s Maduro pelo ex\u00e9rcito norte-americano.<\/p>\n<p>&#8220;No que diz respeito \u00e0s rela\u00e7\u00f5es entre a Venezuela e os Estados Unidos, a primeira coisa a dizer \u00e9 que h\u00e1 uma mancha nas nossas rela\u00e7\u00f5es que nunca tinha ocorrido na nossa hist\u00f3ria&#8221;, afirmou na quarta-feira \u00e0 noite Rodr\u00edguez, antiga vice-presidente do pa\u00eds, investida na segunda-feira como l\u00edder interina.<\/p>\n<p>Rodr\u00edguez disse, no entanto, que as <strong>trocas comerciais com os Estados Unidos &#8220;n\u00e3o t\u00eam nada de extraordin\u00e1rio nem irregular&#8221;, depois de a petrol\u00edfera estatal PDVSA anunciar negocia\u00e7\u00f5es para vender petr\u00f3leo bruto aos Estados Unidos<\/strong>.<\/p>\n<p data-remotead-prev-elm=\"true\" data-remotead-elm-id=\"centro1\">O Presidente dos EUA, Donald Trump, garantiu que os respons\u00e1veis interinos venezuelanos <strong>v\u00e3o entregar aos Estados Unidos &#8220;entre 30 e 50 milh\u00f5es de barris de petr\u00f3leo&#8221;<\/strong>, o equivalente a um a dois meses de produ\u00e7\u00e3o do pa\u00eds latino-americano.<\/p>\n<p>Na quarta-feira, Washington garantiu que esta transa\u00e7\u00e3o se inscreve no \u00e2mbito de um &#8220;acordo hist\u00f3rico&#8221; com Caracas, que <strong>n\u00e3o se limitar\u00e1 aos <a href=\"https:\/\/www.tsf.pt\/mundo\/artigo\/eua-planeiam-controlar-venda-de-petroleo-venezuelano-indefinidamente\/18038019\" target=\"_blank\" rel=\"nofollow noopener\">milh\u00f5es de barris mencionados<\/a><\/strong>.<\/p>\n<p>Donald Trump afirmou posteriormente nas redes sociais que a parte que a Venezuela receber\u00e1 &#8220;servir\u00e1 APENAS para comprar produtos norte-americanos&#8221;, nomeadamente produtos agr\u00edcolas e medicamentos.<\/p>\n<p data-remotead-prev-elm=\"true\" data-remotead-elm-id=\"centro2\">No discurso na quarta-feira \u00e0 noite, Delcy Rodr\u00edguez declarou: &#8220;As nossas m\u00e3os est\u00e3o estendidas a todos os pa\u00edses do mundo, para rela\u00e7\u00f5es, para coopera\u00e7\u00e3o econ\u00f3mica, comercial e energ\u00e9tica&#8221;.<\/p>\n<p>Donald Trump imp\u00f4s san\u00e7\u00f5es ao petr\u00f3leo venezuelano durante o primeiro mandato, criando uma forma de embargo que os compradores conseguem contornar atrav\u00e9s do uso de frotas chamadas &#8220;fantasmas&#8221;.<\/p>\n<p>Washington diz estar disposta a levantar essas san\u00e7\u00f5es &#8220;de forma seletiva&#8221; para poder comercializar o petr\u00f3leo venezuelano no mercado tradicional de petr\u00f3leo.<\/p>\n","protected":false},"excerpt":{"rendered":"A presidente interina da Venezuela, Delcy Rodriguez, afirmou, durante uma cerim\u00f3nia oficial, que existe &#8220;uma mancha&#8221; nas rela\u00e7\u00f5es&hellip;\n","protected":false},"author":2,"featured_media":221315,"comment_status":"","ping_status":"","sticky":false,"template":"","format":"standard","meta":{"footnotes":""},"categories":[50],"tags":[993,27,28,92,41754,445,15,16,14,82,25,26,21,22,62,12,13,19,20,23,24,17,18,29,30,31,3023,63,64,65],"class_list":{"0":"post-221314","1":"post","2":"type-post","3":"status-publish","4":"format-standard","5":"has-post-thumbnail","7":"category-mundo","8":"tag-america","9":"tag-breaking-news","10":"tag-breakingnews","11":"tag-donald-trump","12":"tag-eua-atacam-venezuela","13":"tag-europa","14":"tag-featured-news","15":"tag-featurednews","16":"tag-headlines","17":"tag-internacional","18":"tag-latest-news","19":"tag-latestnews","20":"tag-main-news","21":"tag-mainnews","22":"tag-mundo","23":"tag-news","24":"tag-noticias","25":"tag-noticias-principais","26":"tag-noticiasprincipais","27":"tag-principais-noticias","28":"tag-principaisnoticias","29":"tag-top-stories","30":"tag-topstories","31":"tag-ultimas","32":"tag-ultimas-noticias","33":"tag-ultimasnoticias","34":"tag-venezuela","35":"tag-world","36":"tag-world-news","37":"tag-worldnews"},"share_on_mastodon":{"url":"https:\/\/pubeurope.com\/@pt\/115862061993075582","error":""},"_links":{"self":[{"href":"https:\/\/www.europesays.com\/pt\/wp-json\/wp\/v2\/posts\/221314","targetHints":{"allow":["GET"]}}],"collection":[{"href":"https:\/\/www.europesays.com\/pt\/wp-json\/wp\/v2\/posts"}],"about":[{"href":"https:\/\/www.europesays.com\/pt\/wp-json\/wp\/v2\/types\/post"}],"author":[{"embeddable":true,"href":"https:\/\/www.europesays.com\/pt\/wp-json\/wp\/v2\/users\/2"}],"replies":[{"embeddable":true,"href":"https:\/\/www.europesays.com\/pt\/wp-json\/wp\/v2\/comments?post=221314"}],"version-history":[{"count":0,"href":"https:\/\/www.europesays.com\/pt\/wp-json\/wp\/v2\/posts\/221314\/revisions"}],"wp:featuredmedia":[{"embeddable":true,"href":"https:\/\/www.europesays.com\/pt\/wp-json\/wp\/v2\/media\/221315"}],"wp:attachment":[{"href":"https:\/\/www.europesays.com\/pt\/wp-json\/wp\/v2\/media?parent=221314"}],"wp:term":[{"taxonomy":"category","embeddable":true,"href":"https:\/\/www.europesays.com\/pt\/wp-json\/wp\/v2\/categories?post=221314"},{"taxonomy":"post_tag","embeddable":true,"href":"https:\/\/www.europesays.com\/pt\/wp-json\/wp\/v2\/tags?post=221314"}],"curies":[{"name":"wp","href":"https:\/\/api.w.org\/{rel}","templated":true}]}}