{"id":221319,"date":"2026-01-08T23:27:12","date_gmt":"2026-01-08T23:27:12","guid":{"rendered":"https:\/\/www.europesays.com\/pt\/221319\/"},"modified":"2026-01-08T23:27:12","modified_gmt":"2026-01-08T23:27:12","slug":"apos-polemica-hilary-duff-posta-indireta-e-ganha-apoio-do-marido-veja","status":"publish","type":"post","link":"https:\/\/www.europesays.com\/pt\/221319\/","title":{"rendered":"Ap\u00f3s pol\u00eamica, Hilary Duff posta indireta e ganha apoio do marido; veja"},"content":{"rendered":"<p data-start=\"260\" data-end=\"630\" class=\"my-5 break-words group-[.isActiveSource]:text-xl\">A atriz e cantora <strong class=\"group-[.isActiveSource]:text-xl group-[.isActiveSource]:font-bold\">Hilary Duff<\/strong>, 38, publicou uma pr\u00e9via de uma nova m\u00fasica nesta quarta-feira (7) e acabou chamando aten\u00e7\u00e3o nas redes sociais.<\/p>\n<p data-start=\"260\" data-end=\"630\" class=\"my-5 break-words group-[.isActiveSource]:text-xl\">A postagem aconteceu um dia depois de seu marido, <strong class=\"group-[.isActiveSource]:text-xl group-[.isActiveSource]:font-bold\">Matthew Koma<\/strong>, se envolver em uma discuss\u00e3o p\u00fablica relacionada ao grupo de m\u00e3es de Hollywood, o que fez com que muitos internautas interpretassem o v\u00eddeo como uma indireta.<\/p>\n<p data-start=\"632\" data-end=\"959\" class=\"my-5 break-words group-[.isActiveSource]:text-xl\">No registro, Duff aparece dan\u00e7ando em um campo, usando um vestido amarelo claro, sob um c\u00e9u azul. Enquanto se movimenta, ela dubla um trecho da can\u00e7\u00e3o in\u00e9dita, de letra sensual, que fala sobre o desejo de reviver a fase inicial e mais intensa de um relacionamento.<\/p>\n<p data-start=\"1188\" data-end=\"1372\" class=\"my-5 break-words group-[.isActiveSource]:text-xl\">Nos coment\u00e1rios, Matthew demonstrou apoio \u00e0 esposa e escreveu: \u201cEssa \u00e9 a minha garota\u201d.<\/p>\n<p data-start=\"1374\" data-end=\"1697\" class=\"my-5 break-words group-[.isActiveSource]:text-xl\">A can\u00e7\u00e3o deve integrar o pr\u00f3ximo \u00e1lbum de Hilary, <strong class=\"group-[.isActiveSource]:text-xl group-[.isActiveSource]:font-bold\">\u201cluck\u2026 or something\u201d<\/strong>, previsto para ser lan\u00e7ado em <strong class=\"group-[.isActiveSource]:text-xl group-[.isActiveSource]:font-bold\">20 de fevereiro<\/strong>. Em novembro, a artista j\u00e1 havia divulgado o primeiro single do projeto, <strong class=\"group-[.isActiveSource]:text-xl group-[.isActiveSource]:font-bold\">\u201cMature\u201d<\/strong>. Al\u00e9m disso, ela inicia ainda este m\u00eas a turn\u00ea \u201cSmall Rooms, Big Nerves\u201d.<\/p>\n<p>Entenda a pol\u00eamica<\/p>\n<p data-start=\"1723\" data-end=\"2063\" class=\"my-5 break-words group-[.isActiveSource]:text-xl\">A movimenta\u00e7\u00e3o nas redes acontece ap\u00f3s a atriz <a href=\"https:\/\/www.cnnbrasil.com.br\/entretenimento\/ashley-tisdale-mostra-filha-cantando-musicas-de-high-school-musical-veja\/\" target=\"_blank\" rel=\"noopener noreferrer nofollow\" class=\"text-red-600 underline hover:text-red-500 font-medium break-words group-[.isActiveSource]:text-xl\"><strong class=\"group-[.isActiveSource]:text-xl group-[.isActiveSource]:font-bold\">Ashley Tisdale<\/strong><\/a>, 40, publicar um texto criticando os chamados<a href=\"https:\/\/www.cnnbrasil.com.br\/entretenimento\/entenda-treta-de-maes-de-hollywood-envolvendo-ashley-tisdale-e-hilary-duff\/\" target=\"_blank\" rel=\"noopener noreferrer nofollow\" class=\"text-red-600 underline hover:text-red-500 font-medium break-words group-[.isActiveSource]:text-xl\"> \u201cgrupos t\u00f3xicos de m\u00e3es\u201d<\/a> nas redes sociais na quarta-feira (7).<\/p>\n<p data-start=\"1723\" data-end=\"2063\" class=\"my-5 break-words group-[.isActiveSource]:text-xl\">Segundo ela, espa\u00e7os criados para <strong class=\"group-[.isActiveSource]:text-xl group-[.isActiveSource]:font-bold\">troca de apoio<\/strong> acabam se <strong class=\"group-[.isActiveSource]:text-xl group-[.isActiveSource]:font-bold\">transformando<\/strong> em ambientes de julgamento, <strong class=\"group-[.isActiveSource]:text-xl group-[.isActiveSource]:font-bold\">culpa e press\u00e3o<\/strong>, onde escolhas individuais passam a ser tratadas como regras universais.<\/p>\n<p data-start=\"2065\" data-end=\"2378\" class=\"my-5 break-words group-[.isActiveSource]:text-xl\">A discuss\u00e3o ganhou novos contornos quando<strong class=\"group-[.isActiveSource]:text-xl group-[.isActiveSource]:font-bold\"> Matthew Koma<\/strong> reagiu ao posicionamento de<strong class=\"group-[.isActiveSource]:text-xl group-[.isActiveSource]:font-bold\"> Ashley<\/strong>. Ele afirmou que a<a href=\"https:\/\/www.cnnbrasil.com.br\/entretenimento\/entenda-treta-de-maes-de-hollywood-envolvendo-ashley-tisdale-e-hilary-duff\/\" target=\"_blank\" rel=\"noopener noreferrer nofollow\" class=\"text-red-600 underline hover:text-red-500 font-medium break-words group-[.isActiveSource]:text-xl\"> cr\u00edtica foi \u201cfora de tom\u201d<\/a> por n\u00e3o levar em conta o privil\u00e9gio de celebridades, que contam com mais recursos financeiros, rede de apoio e acesso a profissionais, realidade distante da maioria das m\u00e3es.<\/p>\n<p data-start=\"2380\" data-end=\"2594\" data-is-last-node=\"\" data-is-only-node=\"\" class=\"my-5 break-words group-[.isActiveSource]:text-xl\">A troca de opini\u00f5es ampliou o debate nas redes sociais, levantando reflex\u00f5es sobre maternidade, compara\u00e7\u00e3o entre mulheres e desigualdade de contextos, tema que segue rendendo coment\u00e1rios e posicionamentos p\u00fablicos.<\/p>\n<p>Veja o v\u00eddeo publicado:<\/p>\n","protected":false},"excerpt":{"rendered":"A atriz e cantora Hilary Duff, 38, publicou uma pr\u00e9via de uma nova m\u00fasica nesta quarta-feira (7) e&hellip;\n","protected":false},"author":2,"featured_media":221320,"comment_status":"","ping_status":"","sticky":false,"template":"","format":"standard","meta":{"footnotes":""},"categories":[145],"tags":[211,210,114,115,32,33],"class_list":{"0":"post-221319","1":"post","2":"type-post","3":"status-publish","4":"format-standard","5":"has-post-thumbnail","7":"category-celebridades","8":"tag-celebridades","9":"tag-celebrities","10":"tag-entertainment","11":"tag-entretenimento","12":"tag-portugal","13":"tag-pt"},"share_on_mastodon":{"url":"https:\/\/pubeurope.com\/@pt\/115862073637698677","error":""},"_links":{"self":[{"href":"https:\/\/www.europesays.com\/pt\/wp-json\/wp\/v2\/posts\/221319","targetHints":{"allow":["GET"]}}],"collection":[{"href":"https:\/\/www.europesays.com\/pt\/wp-json\/wp\/v2\/posts"}],"about":[{"href":"https:\/\/www.europesays.com\/pt\/wp-json\/wp\/v2\/types\/post"}],"author":[{"embeddable":true,"href":"https:\/\/www.europesays.com\/pt\/wp-json\/wp\/v2\/users\/2"}],"replies":[{"embeddable":true,"href":"https:\/\/www.europesays.com\/pt\/wp-json\/wp\/v2\/comments?post=221319"}],"version-history":[{"count":0,"href":"https:\/\/www.europesays.com\/pt\/wp-json\/wp\/v2\/posts\/221319\/revisions"}],"wp:featuredmedia":[{"embeddable":true,"href":"https:\/\/www.europesays.com\/pt\/wp-json\/wp\/v2\/media\/221320"}],"wp:attachment":[{"href":"https:\/\/www.europesays.com\/pt\/wp-json\/wp\/v2\/media?parent=221319"}],"wp:term":[{"taxonomy":"category","embeddable":true,"href":"https:\/\/www.europesays.com\/pt\/wp-json\/wp\/v2\/categories?post=221319"},{"taxonomy":"post_tag","embeddable":true,"href":"https:\/\/www.europesays.com\/pt\/wp-json\/wp\/v2\/tags?post=221319"}],"curies":[{"name":"wp","href":"https:\/\/api.w.org\/{rel}","templated":true}]}}