{"id":221321,"date":"2026-01-08T23:30:09","date_gmt":"2026-01-08T23:30:09","guid":{"rendered":"https:\/\/www.europesays.com\/pt\/221321\/"},"modified":"2026-01-08T23:30:09","modified_gmt":"2026-01-08T23:30:09","slug":"um-periodo-complicado-carlos-areia-revela-detalhes-da-sua-recuperacao-e-envia-recado-importante-a-todos-novelas","status":"publish","type":"post","link":"https:\/\/www.europesays.com\/pt\/221321\/","title":{"rendered":"\u00abUm per\u00edodo complicado\u00bb: Carlos Areia revela detalhes da sua recupera\u00e7\u00e3o e envia recado importante a todos &#8211; Novelas"},"content":{"rendered":"<p data-end=\"354\" data-start=\"225\">O ator<a href=\"https:\/\/tvi.iol.pt\/novelas\/carlos-areia\/saude\/carlos-areia-quebra-o-silencio-sobre-o-seu-estado-de-saude-semanas-de-dor-de-incerteza\" rel=\"nofollow noopener\" target=\"_blank\"> <\/a><strong data-end=\"248\" data-start=\"232\"><a href=\"https:\/\/tvi.iol.pt\/novelas\/carlos-areia\/saude\/carlos-areia-quebra-o-silencio-sobre-o-seu-estado-de-saude-semanas-de-dor-de-incerteza\" rel=\"nofollow noopener\" target=\"_blank\">Carlos Areia <\/a>de 81 anos,<\/strong>\u00a0est\u00e1 a recuperar em casa, mas a <strong data-end=\"313\" data-start=\"281\">les\u00e3o que sofreu em dezembro<\/strong> continua a mant\u00ea-lo afastado do palco.Ap\u00f3s ter enfrentado uma <strong data-end=\"392\" data-start=\"380\">cirurgia<\/strong> e um longo internamento, consequ\u00eancia de uma queda no in\u00edcio do passado m\u00eas de dezembro.<\/p>\n<p data-end=\"354\" data-start=\"225\">Carlos Areia publicou um v\u00eddeo para agradecer aos seguidores todo o carinho recebido durante este per\u00edodo dif\u00edcil:<strong> &#8220;Eu estou a fazer este v\u00eddeo para agradecer. Ficaria aqui o dia todo e n\u00e3o chegava, porque recebi tantas mensagens bonitas no Natal, no meu anivers\u00e1rio, mas, como foi do vosso conhecimento, foi um per\u00edodo um bocado complicado para mim e para a minha mulher&#8221;, come\u00e7ou por explicar.<\/strong><\/p>\n<p data-end=\"1301\" data-start=\"915\">O ator ainda <strong>est\u00e1 em recupera\u00e7\u00e3o <\/strong>mas afirma estar a sentir-se bem e est\u00e1vel: &#8220;J\u00e1 passou. Dizer-vos que estou num <strong data-end=\"977\" data-start=\"951\">pleno processo natural<\/strong>, sinto-me extremamente bem, fui muito bem tratado no hospital, pelos colegas, amigos, fui apoiado, tudo acorreu lindamente. O que \u00e9 que vos queria pedir? Para n\u00e3o levarem a mal por n\u00e3o ter respondido a ningu\u00e9m. Foi muito dif\u00edcil. Foram tantas, tantas e bonitas mensagens que recebi, que agrade\u00e7o do cora\u00e7\u00e3o&#8221;, acrescentou.<\/p>\n<p data-end=\"1560\" data-start=\"1303\">Apesar da recupera\u00e7\u00e3o, o ator manter-se-\u00e1 <strong data-end=\"1367\" data-start=\"1345\">afastado do teatro<\/strong>, sendo substitu\u00eddo no elenco da pe\u00e7a <strong data-end=\"1431\" data-start=\"1405\">&#8216;Um Quinteto De Morte&#8217;:\u00a0<\/strong>&#8220;N\u00e3o estou no teatro, mas fui muito bem substitu\u00eddo pelo ator <strong data-end=\"1515\" data-start=\"1495\">Jo\u00e3o Maria Pinta<\/strong>, a quem mando um grande abra\u00e7o&#8221;, destacou.<\/p>\n<p data-end=\"1560\" data-start=\"1303\">Reveja aqui uma das \u00faltimas entrevistas do ator no Dois \u00e0s 10 onde fala apaixonado da sua mulher Rosa Bela:\u00a0<\/p>\n","protected":false},"excerpt":{"rendered":"O ator Carlos Areia de 81 anos,\u00a0est\u00e1 a recuperar em casa, mas a les\u00e3o que sofreu em dezembro&hellip;\n","protected":false},"author":2,"featured_media":221322,"comment_status":"","ping_status":"","sticky":false,"template":"","format":"standard","meta":{"footnotes":""},"categories":[142],"tags":[160,2657,166,114,115,157,167,164,161,158,165,159,32,33,156,163,151,162],"class_list":{"0":"post-221321","1":"post","2":"type-post","3":"status-publish","4":"format-standard","5":"has-post-thumbnail","7":"category-tv","8":"tag-ana-guiomar","9":"tag-carlos-areia","10":"tag-cristina-ferreira","11":"tag-entertainment","12":"tag-entretenimento","13":"tag-festa-e-festa","14":"tag-ficcao","15":"tag-jose-fidalgo","16":"tag-novelas","17":"tag-para-sempre","18":"tag-pedro-sousa","19":"tag-pedro-teixeira","20":"tag-portugal","21":"tag-pt","22":"tag-queridos-papas","23":"tag-tiago-teotonio-pereira","24":"tag-tv","25":"tag-tvi"},"share_on_mastodon":{"url":"https:\/\/pubeurope.com\/@pt\/115862085448275055","error":""},"_links":{"self":[{"href":"https:\/\/www.europesays.com\/pt\/wp-json\/wp\/v2\/posts\/221321","targetHints":{"allow":["GET"]}}],"collection":[{"href":"https:\/\/www.europesays.com\/pt\/wp-json\/wp\/v2\/posts"}],"about":[{"href":"https:\/\/www.europesays.com\/pt\/wp-json\/wp\/v2\/types\/post"}],"author":[{"embeddable":true,"href":"https:\/\/www.europesays.com\/pt\/wp-json\/wp\/v2\/users\/2"}],"replies":[{"embeddable":true,"href":"https:\/\/www.europesays.com\/pt\/wp-json\/wp\/v2\/comments?post=221321"}],"version-history":[{"count":0,"href":"https:\/\/www.europesays.com\/pt\/wp-json\/wp\/v2\/posts\/221321\/revisions"}],"wp:featuredmedia":[{"embeddable":true,"href":"https:\/\/www.europesays.com\/pt\/wp-json\/wp\/v2\/media\/221322"}],"wp:attachment":[{"href":"https:\/\/www.europesays.com\/pt\/wp-json\/wp\/v2\/media?parent=221321"}],"wp:term":[{"taxonomy":"category","embeddable":true,"href":"https:\/\/www.europesays.com\/pt\/wp-json\/wp\/v2\/categories?post=221321"},{"taxonomy":"post_tag","embeddable":true,"href":"https:\/\/www.europesays.com\/pt\/wp-json\/wp\/v2\/tags?post=221321"}],"curies":[{"name":"wp","href":"https:\/\/api.w.org\/{rel}","templated":true}]}}