{"id":221323,"date":"2026-01-08T23:33:08","date_gmt":"2026-01-08T23:33:08","guid":{"rendered":"https:\/\/www.europesays.com\/pt\/221323\/"},"modified":"2026-01-08T23:33:08","modified_gmt":"2026-01-08T23:33:08","slug":"batman-conhece-seu-neto-com-nome-emocionante-em-nova-hq-da-dc","status":"publish","type":"post","link":"https:\/\/www.europesays.com\/pt\/221323\/","title":{"rendered":"Batman conhece seu neto (com nome emocionante) em nova HQ da DC"},"content":{"rendered":"<p class=\"wp-block-yoast-seo-estimated-reading-time yoast-reading-time__wrapper\">Estimated reading time: 2 minutos<\/p>\n<p>A primeira grande hist\u00f3ria do <a href=\"https:\/\/ovicio.com.br\/tag\/batman\" rel=\"nofollow noopener\" target=\"_blank\">Batman<\/a> em 2026 trouxe um marco in\u00e9dito para a vida do her\u00f3i: ele se tornou oficialmente av\u00f4. O momento ocorre em <strong>DC KO: Knightfight #3<\/strong>, a mais recente edi\u00e7\u00e3o do evento que coloca os her\u00f3is em um torneio mortal.<\/p>\n<p>Na trama, embora tenha sido morto pelo <strong>Coringa<\/strong> no in\u00edcio da saga, o Cavaleiro das Trevas est\u00e1 viajando por realidades alternativas criadas pelo <strong>&#8220;Cora\u00e7\u00e3o de Apokolips&#8221;<\/strong>. O objetivo da entidade \u00e9 for\u00e7ar Bruce a matar seus pr\u00f3prios filhos nessas linhas do tempo.<\/p>\n<p>Ap\u00f3s interagir com vers\u00f5es de <strong>Dick<\/strong>, <strong>Jason<\/strong> e <strong>Tim<\/strong>, <strong>Bruce<\/strong> encontra um <strong>Damian Wayne<\/strong> adulto. Diferente dos outros, <strong>Damian<\/strong> percebe imediatamente que aquele mundo n\u00e3o \u00e9 real e que tudo n\u00e3o passa de uma manipula\u00e7\u00e3o c\u00f3smica.<\/p>\n<p><strong>Damian<\/strong> concorda em ajudar o pai a escapar da ilus\u00e3o, mas antes imp\u00f5e uma condi\u00e7\u00e3o emocional. Ele apresenta <strong>Bruce<\/strong> ao seu filho pequeno, uma crian\u00e7a de olhos azuis batizada em homenagem ao mordomo e figura paterna da fam\u00edlia: <strong>Alfred<\/strong>.<\/p>\n<p><img fetchpriority=\"high\" decoding=\"async\" width=\"664\" height=\"1024\" src=\"https:\/\/www.europesays.com\/pt\/wp-content\/uploads\/2026\/01\/20260108-knightfight-4-batman-is-a-granddad-664x1024.webp.webp\" alt=\"Alfred Wayne, o neto do Batman\" class=\"lazyload wp-image-889807\"  data-\/>Reprodu\u00e7\u00e3o: DC<\/p>\n<p>A revela\u00e7\u00e3o carrega um peso tr\u00e1gico. A HQ apresenta uma realidade onde <strong>Damian<\/strong> superou seus traumas e formou uma fam\u00edlia, mas para que o <strong>Batman<\/strong> verdadeiro escape e retorne \u00e0 vida, ele provavelmente ter\u00e1 que destruir esse mundo e, consequentemente, apagar a exist\u00eancia de seu neto.<\/p>\n<p>A edi\u00e7\u00e3o, com roteiro de <strong>Joshua Williamson<\/strong> e arte de <strong>Dan Mora<\/strong>, j\u00e1 est\u00e1 dispon\u00edvel nas lojas de quadrinhos dos Estados Unidos.<\/p>\n<p>Leia tamb\u00e9m sobre Batman:<\/p>\n","protected":false},"excerpt":{"rendered":"Estimated reading time: 2 minutos A primeira grande hist\u00f3ria do Batman em 2026 trouxe um marco in\u00e9dito para&hellip;\n","protected":false},"author":2,"featured_media":221324,"comment_status":"","ping_status":"","sticky":false,"template":"","format":"standard","meta":{"footnotes":""},"categories":[140],"tags":[1948,2945,114,115,147,148,146,32,33],"class_list":{"0":"post-221323","1":"post","2":"type-post","3":"status-publish","4":"format-standard","5":"has-post-thumbnail","7":"category-filmes","8":"tag-batman","9":"tag-dc","10":"tag-entertainment","11":"tag-entretenimento","12":"tag-film","13":"tag-filmes","14":"tag-movies","15":"tag-portugal","16":"tag-pt"},"share_on_mastodon":{"url":"https:\/\/pubeurope.com\/@pt\/115862097455850942","error":""},"_links":{"self":[{"href":"https:\/\/www.europesays.com\/pt\/wp-json\/wp\/v2\/posts\/221323","targetHints":{"allow":["GET"]}}],"collection":[{"href":"https:\/\/www.europesays.com\/pt\/wp-json\/wp\/v2\/posts"}],"about":[{"href":"https:\/\/www.europesays.com\/pt\/wp-json\/wp\/v2\/types\/post"}],"author":[{"embeddable":true,"href":"https:\/\/www.europesays.com\/pt\/wp-json\/wp\/v2\/users\/2"}],"replies":[{"embeddable":true,"href":"https:\/\/www.europesays.com\/pt\/wp-json\/wp\/v2\/comments?post=221323"}],"version-history":[{"count":0,"href":"https:\/\/www.europesays.com\/pt\/wp-json\/wp\/v2\/posts\/221323\/revisions"}],"wp:featuredmedia":[{"embeddable":true,"href":"https:\/\/www.europesays.com\/pt\/wp-json\/wp\/v2\/media\/221324"}],"wp:attachment":[{"href":"https:\/\/www.europesays.com\/pt\/wp-json\/wp\/v2\/media?parent=221323"}],"wp:term":[{"taxonomy":"category","embeddable":true,"href":"https:\/\/www.europesays.com\/pt\/wp-json\/wp\/v2\/categories?post=221323"},{"taxonomy":"post_tag","embeddable":true,"href":"https:\/\/www.europesays.com\/pt\/wp-json\/wp\/v2\/tags?post=221323"}],"curies":[{"name":"wp","href":"https:\/\/api.w.org\/{rel}","templated":true}]}}