{"id":221338,"date":"2026-01-08T23:42:16","date_gmt":"2026-01-08T23:42:16","guid":{"rendered":"https:\/\/www.europesays.com\/pt\/221338\/"},"modified":"2026-01-08T23:42:16","modified_gmt":"2026-01-08T23:42:16","slug":"alarme-no-real-madrid-antes-do-derbi-da-supertaca","status":"publish","type":"post","link":"https:\/\/www.europesays.com\/pt\/221338\/","title":{"rendered":"Alarme no Real Madrid antes do d\u00e9rbi da Superta\u00e7a"},"content":{"rendered":"<p style=\"text-align: justify;\">Nova dor de cabe\u00e7a para Xabi Alonso: Antonio <a target=\"_blank\" class=\"editor-link autolink-enabled\" href=\"https:\/\/www.abola.pt\/futebol\/jogador\/rudiger-4569\" data-resource-id=\"4569\" data-resource-type=\"player\" data-sport=\"football\" rel=\"nofollow noopener\">Rudiger<\/a> n\u00e3o participou no \u00faltimo treino da equipa antes da meia-final da Superta\u00e7a de Espanha contra o <a target=\"_blank\" class=\"editor-link autolink-enabled\" href=\"https:\/\/www.abola.pt\/futebol\/atletico-madrid-209\" data-resource-id=\"209\" data-resource-type=\"team\" data-sport=\"football\" rel=\"nofollow noopener\">Atl\u00e9tico Madrid<\/a> e est\u00e1 em d\u00favida para o encontro, que tem lugar esta noite no Alinma Stadium, Cidade Desportiva do Rei Abdullah, na Ar\u00e1bia Saudita.<\/p>\n<p style=\"text-align: justify;\">O central de 32 anos apresentou desconforto no joelho esquerdo e poder\u00e1 aumentar a lista de baixas na defesa do <a target=\"_blank\" class=\"editor-link autolink-enabled\" href=\"https:\/\/www.abola.pt\/futebol\/real-madrid-204\" data-resource-id=\"204\" data-resource-type=\"team\" data-sport=\"football\" rel=\"nofollow noopener\">Real Madrid<\/a>, que tem sido uma constante neste in\u00edcio de temporada.<\/p>\n<p style=\"text-align: justify;\">Uma eventual aus\u00eancia do internacional alem\u00e3o, que no arranque de 2025\/26 tinha ficado afastado da competi\u00e7\u00e3o durante dois meses e meio devido a les\u00e3o no reto femoral da perna esquerda, abre caminho \u00e0 dupla <a target=\"_blank\" class=\"editor-link autolink-enabled\" href=\"https:\/\/www.abola.pt\/futebol\/jogador\/dean-huijsen-259157\" data-resource-id=\"259157\" data-resource-type=\"player\" data-sport=\"football\" rel=\"nofollow noopener\">Dean Huijsen<\/a> e <a target=\"_blank\" class=\"editor-link autolink-enabled\" href=\"https:\/\/www.abola.pt\/futebol\/jogador\/raul-asencio-301455\" data-resource-id=\"301455\" data-resource-type=\"player\" data-sport=\"football\" rel=\"nofollow noopener\">Ra\u00fal Asencio<\/a> no eixo da defesa.<\/p>\n","protected":false},"excerpt":{"rendered":"Nova dor de cabe\u00e7a para Xabi Alonso: Antonio Rudiger n\u00e3o participou no \u00faltimo treino da equipa antes da&hellip;\n","protected":false},"author":2,"featured_media":221339,"comment_status":"","ping_status":"","sticky":false,"template":"","format":"standard","meta":{"footnotes":""},"categories":[8],"tags":[27,28,15,16,14,25,26,21,22,12,13,19,20,32,23,24,33,17,18,29,30,31],"class_list":{"0":"post-221338","1":"post","2":"type-post","3":"status-publish","4":"format-standard","5":"has-post-thumbnail","7":"category-principais-noticias","8":"tag-breaking-news","9":"tag-breakingnews","10":"tag-featured-news","11":"tag-featurednews","12":"tag-headlines","13":"tag-latest-news","14":"tag-latestnews","15":"tag-main-news","16":"tag-mainnews","17":"tag-news","18":"tag-noticias","19":"tag-noticias-principais","20":"tag-noticiasprincipais","21":"tag-portugal","22":"tag-principais-noticias","23":"tag-principaisnoticias","24":"tag-pt","25":"tag-top-stories","26":"tag-topstories","27":"tag-ultimas","28":"tag-ultimas-noticias","29":"tag-ultimasnoticias"},"share_on_mastodon":{"url":"https:\/\/pubeurope.com\/@pt\/115862132807560771","error":""},"_links":{"self":[{"href":"https:\/\/www.europesays.com\/pt\/wp-json\/wp\/v2\/posts\/221338","targetHints":{"allow":["GET"]}}],"collection":[{"href":"https:\/\/www.europesays.com\/pt\/wp-json\/wp\/v2\/posts"}],"about":[{"href":"https:\/\/www.europesays.com\/pt\/wp-json\/wp\/v2\/types\/post"}],"author":[{"embeddable":true,"href":"https:\/\/www.europesays.com\/pt\/wp-json\/wp\/v2\/users\/2"}],"replies":[{"embeddable":true,"href":"https:\/\/www.europesays.com\/pt\/wp-json\/wp\/v2\/comments?post=221338"}],"version-history":[{"count":0,"href":"https:\/\/www.europesays.com\/pt\/wp-json\/wp\/v2\/posts\/221338\/revisions"}],"wp:featuredmedia":[{"embeddable":true,"href":"https:\/\/www.europesays.com\/pt\/wp-json\/wp\/v2\/media\/221339"}],"wp:attachment":[{"href":"https:\/\/www.europesays.com\/pt\/wp-json\/wp\/v2\/media?parent=221338"}],"wp:term":[{"taxonomy":"category","embeddable":true,"href":"https:\/\/www.europesays.com\/pt\/wp-json\/wp\/v2\/categories?post=221338"},{"taxonomy":"post_tag","embeddable":true,"href":"https:\/\/www.europesays.com\/pt\/wp-json\/wp\/v2\/tags?post=221338"}],"curies":[{"name":"wp","href":"https:\/\/api.w.org\/{rel}","templated":true}]}}