{"id":221342,"date":"2026-01-08T23:46:06","date_gmt":"2026-01-08T23:46:06","guid":{"rendered":"https:\/\/www.europesays.com\/pt\/221342\/"},"modified":"2026-01-08T23:46:06","modified_gmt":"2026-01-08T23:46:06","slug":"teresa-silva-nao-consegue-entender-tragico-fim-de-maycon-douglas-nem-sei-se-te-conheco-selfie","status":"publish","type":"post","link":"https:\/\/www.europesays.com\/pt\/221342\/","title":{"rendered":"Teresa Silva n\u00e3o consegue entender &quot;tr\u00e1gico fim&quot; de Maycon Douglas: &quot;Nem sei se te conhe\u00e7o&quot; &#8211; SELFIE"},"content":{"rendered":"<ol>\n<li><a href=\"https:\/\/news.google.com\/rss\/articles\/CBMi-AFBVV95cUxQaVlrU0dIZmowdFpkUDRwVW01TnF5cGpKdEtWZXhTc0xKUkJUdEI2SGVrRlViWVl1Wk9Pbzl1OVBGN3pvVkFiM2RJV3l0QTBaQW5nOUFJcmg1d1VpSlRZSG8zV0JTQkE2TUsxOTh2djhJSEJxMHp5N0ZFeG1oX0xCYXZPLUFmUWVqaVZjcjBaYUpkdGJ1YkxOVlE0d2NIRDdfYzQxX1NRWWl6bnhrV1EzOFZrU0lGOERueXhackV0MFdhNEtSREU3djlGM1dqWHI4VXN1MF83dnViT3lzMmEtMlVUakdVSElFMThIeElXakNmQVVmOWowdg?oc=5\" target=\"_blank\" rel=\"nofollow noopener\">Teresa Silva n\u00e3o consegue entender &#8220;tr\u00e1gico fim&#8221; de Maycon Douglas: &#8220;Nem sei se te conhe\u00e7o&#8221;<\/a>&nbsp;&nbsp;SELFIE<\/li>\n<li><a href=\"https:\/\/news.google.com\/rss\/articles\/CBMiygFBVV95cUxQb0xxeHkxdFBnMnlVMnVPZmxFVjI4bzViZ0xaYmNtZHBKV3dOR3FTdDd5NTBuQUc4S0lIT25ES09aSnhqdmtST2xLYnpMNklmOXpIS0x3T1dPeE5UcWxlRkpGUTMwVWV2VklWWXFxZ01LZTM0Y3U3RWljM2tYRVFma0JmZHMybkl1ZFBWR1FWWm1QaERqMjhOTmhnY2x4VXI4QnFuZTNtdjhDQUZqRDFLb1hMVjJlS0JfZ1V2azZTWnVETXVEZ1JPd3pB0gHYAUFVX3lxTE8yeGhia1YzUDE0ZFFDOWJGaFF3ZU5BVTNOV0dsM1V3d0pUSUktTHppRXlRWURFTDhfRVUtZUxCQmxtZnZYOHRnNVRvcGdYN2pxUHpMMUcwWmRIcW4tUEZYQ2lhVmV5TEdJLXJ2b0JqWjZxanlFMWN3NUEtamM1Mk1sbjR6ME9kMi1sR0VTQjE5RHh5ZDRkTmU3bGROTC05SFlkT0NUbjB6NHlKUVlISTQyb3phX2ZMMmtOSFk0Q1gxd3hyV2tzMGF2eFRFV1hGZmV0d1c5LURINA?oc=5\" target=\"_blank\" rel=\"nofollow noopener\">DJ brasileiro \u00e9 encontrado morto em Portugal; caso \u00e9 investigado como homic\u00eddio<\/a>&nbsp;&nbsp;G1<\/li>\n<li><a href=\"https:\/\/news.google.com\/rss\/articles\/CBMiqAFBVV95cUxOMnpEbXRvMkMxT1lic3otcURteEJMQmdSYU9uRFAxQXFiSldJWkVkWDBNaHlBMXp2ZFlYMUJZMUpRVWE1Zm1QV3E0R2ZpcnY5SV9CU2tDMFMxMkJDTUxoTlVWWEZiWkhUMHlKdHJaYk5QaFpvYUlkdWx1TmMtWTMtWEpCS3UzRUhNc0pMQXFNZFhwcnZETE9QVTg2WFZ3M3hST2Q4RmluZW0?oc=5\" target=\"_blank\" rel=\"nofollow noopener\">DJ brasileiro Maycon Douglas \u00e9 encontrado morto em Portugal<\/a>&nbsp;&nbsp;CNN Brasil<\/li>\n<li><a href=\"https:\/\/news.google.com\/rss\/articles\/CBMiwgFBVV95cUxOQ3lYUlNvMHU3RXpUdzZYSl9ya0hJRVBSUm10UHdVMWlQbVpaWGI5WGoyT0ZpMDAyMzJMTGFyS1lxdUcwbWotTFFUQkRkSXk0OHI5cFB6YkNUOFRVN1JCa25xYnNLYkZBU3E4TnFiYThJY2xscGJtOEZNc1pjRTJPSXBvcFZRcWtqQVBVY01fX3FJaXo5MFVxYlpJcjdQYXhCRzVxYnh4NV9CbVVjSXVWTUF4QmFXU1lxWk9ScEhJQVZ6QQ?oc=5\" target=\"_blank\" rel=\"nofollow noopener\">Ex-reality e com 48 mil seguidores: quem era o brasileiro morto em Portugal<\/a>&nbsp;&nbsp;UOL Not\u00edcias<\/li>\n<li><a href=\"https:\/\/news.google.com\/rss\/articles\/CBMixAFBVV95cUxPZzJ0Y2pDWTJnZ3Q0aDQxQ2J2d2w1SW5NMmNidVJ6ekJ1bDlhSWlEb0FtenFRQzJmTUw4cEJ1NXc0X2JpUGtJTjBUMnJtdUVCZnJ0eTdhOUJ2R0gzQjYxUU1pamRPZXNqeTU5aG01Vi1fMThxMk1yYVlPQ0VxRjJNYTlKUjhsVXBGRjJQaTllX0dXT3FJaUFNOHNDU3pobWtrWmY4ci0wX0RXaHFiN0lkVkVYYU5HM2FvRkRaOGFlWHhNVm1T?oc=5\" target=\"_blank\" rel=\"nofollow noopener\">O que se sabe sobre a morte do DJ brasileiro Maycon Douglas, encontrado em praia de Portugal<\/a>&nbsp;&nbsp;VEJA<\/li>\n<\/ol>\n","protected":false},"excerpt":{"rendered":"Teresa Silva n\u00e3o consegue entender &#8220;tr\u00e1gico fim&#8221; de Maycon Douglas: &#8220;Nem sei se te conhe\u00e7o&#8221;&nbsp;&nbsp;SELFIE DJ brasileiro \u00e9&hellip;\n","protected":false},"author":2,"featured_media":196976,"comment_status":"","ping_status":"","sticky":false,"template":"","format":"standard","meta":{"footnotes":""},"categories":[142],"tags":[114,115,32,33,151],"class_list":{"0":"post-221342","1":"post","2":"type-post","3":"status-publish","4":"format-standard","5":"has-post-thumbnail","7":"category-tv","8":"tag-entertainment","9":"tag-entretenimento","10":"tag-portugal","11":"tag-pt","12":"tag-tv"},"share_on_mastodon":{"url":"https:\/\/pubeurope.com\/@pt\/115862148369231921","error":""},"_links":{"self":[{"href":"https:\/\/www.europesays.com\/pt\/wp-json\/wp\/v2\/posts\/221342","targetHints":{"allow":["GET"]}}],"collection":[{"href":"https:\/\/www.europesays.com\/pt\/wp-json\/wp\/v2\/posts"}],"about":[{"href":"https:\/\/www.europesays.com\/pt\/wp-json\/wp\/v2\/types\/post"}],"author":[{"embeddable":true,"href":"https:\/\/www.europesays.com\/pt\/wp-json\/wp\/v2\/users\/2"}],"replies":[{"embeddable":true,"href":"https:\/\/www.europesays.com\/pt\/wp-json\/wp\/v2\/comments?post=221342"}],"version-history":[{"count":0,"href":"https:\/\/www.europesays.com\/pt\/wp-json\/wp\/v2\/posts\/221342\/revisions"}],"wp:featuredmedia":[{"embeddable":true,"href":"https:\/\/www.europesays.com\/pt\/wp-json\/wp\/v2\/media\/196976"}],"wp:attachment":[{"href":"https:\/\/www.europesays.com\/pt\/wp-json\/wp\/v2\/media?parent=221342"}],"wp:term":[{"taxonomy":"category","embeddable":true,"href":"https:\/\/www.europesays.com\/pt\/wp-json\/wp\/v2\/categories?post=221342"},{"taxonomy":"post_tag","embeddable":true,"href":"https:\/\/www.europesays.com\/pt\/wp-json\/wp\/v2\/tags?post=221342"}],"curies":[{"name":"wp","href":"https:\/\/api.w.org\/{rel}","templated":true}]}}