{"id":221343,"date":"2026-01-08T23:48:35","date_gmt":"2026-01-08T23:48:35","guid":{"rendered":"https:\/\/www.europesays.com\/pt\/221343\/"},"modified":"2026-01-08T23:48:35","modified_gmt":"2026-01-08T23:48:35","slug":"007-callum-turner-e-jacob-elordi-disputam-papel-no-filme-de-denis-villeneuve-diz-rumor","status":"publish","type":"post","link":"https:\/\/www.europesays.com\/pt\/221343\/","title":{"rendered":"007: Callum Turner e Jacob Elordi disputam papel no filme de Denis Villeneuve, diz rumor"},"content":{"rendered":"<p class=\"wp-block-yoast-seo-estimated-reading-time yoast-reading-time__wrapper\">Estimated reading time: 2 minutos<\/p>\n<p>Os rumores de\u00a0<a href=\"https:\/\/ovicio.com.br\/tag\/Callum-Turner\/\" target=\"_blank\" rel=\"noreferrer noopener nofollow\">Callum Turner<\/a>\u00a0como novo\u00a0<a href=\"https:\/\/ovicio.com.br\/tag\/James-Bond\/\" target=\"_blank\" rel=\"noreferrer noopener nofollow\">James Bond<\/a> est\u00e3o cada vez mais quentes. O Daily Mail\u00a0relata que o ator passou o ano novo dizendo aos amigos mais pr\u00f3ximos que j\u00e1 ganhou o papel de <a href=\"https:\/\/ovicio.com.br\/tag\/007\/\" target=\"_blank\" rel=\"noreferrer noopener nofollow\">007<\/a>, e o Esquire j\u00e1 trata o astro como o nome mais prov\u00e1vel a ser anunciado no papel. A situa\u00e7\u00e3o, no entanto, ainda n\u00e3o parece ter sido resolvida.<\/p>\n<p><strong>Jordan Ruimy<\/strong>, do World Of Reel, foi atr\u00e1s de uma fonte que julga ser confi\u00e1vel sobre o pr\u00f3ximo filme do agente secreto, e ouviu dela que, sim, <strong>Turner <\/strong>\u00e9 o favorito de <strong>Denis Villeneuve<\/strong>, mas que ele ainda n\u00e3o est\u00e1 oficialmente escalado no papel.<\/p>\n<p>A expectativa \u00e9 que<strong> Callum Turner <\/strong>realize um teste de tela nos pr\u00f3ximos dias, diante dos produtores<strong> Amy Pascal <\/strong>e <strong>David Heyman<\/strong>.<\/p>\n<p><strong>Ruimy<\/strong>, entretanto, alerta que <strong>Jacob Elordi<\/strong> ainda est\u00e1 no p\u00e1reo para o papel. O astro de<strong> Frankenstein (2025) <\/strong>seria um favorito da<strong> Amazon MGM Studios<\/strong>, e muito provavelmente vai ter a sua chance de fazer teste de tela tamb\u00e9m.<\/p>\n<p>Bem, leve os relatos desta mat\u00e9ria como rumores, pois nenhum est\u00e1 confirmado por fontes oficiais.<\/p>\n<p>O roteiro do novo filme de <strong>James Bond<\/strong> est\u00e1 sendo escrito por <strong>Steven Knight<\/strong>\u00a0(Peaky Blinders). A ideia da <strong>Amazon <\/strong>\u00e9 come\u00e7ar a produ\u00e7\u00e3o ainda este ano, para que um lan\u00e7amento em novembro de 2028 seja poss\u00edvel.<\/p>\n<p>Leia tamb\u00e9m sobre 007:<\/p>\n<p><strong>Fonte:<\/strong> <a href=\"https:\/\/www.worldofreel.com\/blog\/2026\/1\/5\/callum-turner-as-james-bond-rumor-isnt-letting-up-with-jacob-elordi-still-in-play\" target=\"_blank\" rel=\"noreferrer noopener nofollow\">World Of Reel<\/a><\/p>\n","protected":false},"excerpt":{"rendered":"Estimated reading time: 2 minutos Os rumores de\u00a0Callum Turner\u00a0como novo\u00a0James Bond est\u00e3o cada vez mais quentes. O Daily&hellip;\n","protected":false},"author":2,"featured_media":221344,"comment_status":"","ping_status":"","sticky":false,"template":"","format":"standard","meta":{"footnotes":""},"categories":[140],"tags":[4294,42816,11420,6702,114,115,147,148,3714,5966,42817,146,32,1587,33,5967],"class_list":{"0":"post-221343","1":"post","2":"type-post","3":"status-publish","4":"format-standard","5":"has-post-thumbnail","7":"category-filmes","8":"tag-4294","9":"tag-barbara-broccoli","10":"tag-callum-turner","11":"tag-denis-villeneuve","12":"tag-entertainment","13":"tag-entretenimento","14":"tag-film","15":"tag-filmes","16":"tag-jacob-elordi","17":"tag-james-bond","18":"tag-mestres-do-ar","19":"tag-movies","20":"tag-portugal","21":"tag-prime-video","22":"tag-pt","23":"tag-steven-knight"},"share_on_mastodon":{"url":"https:\/\/pubeurope.com\/@pt\/115862156494886940","error":""},"_links":{"self":[{"href":"https:\/\/www.europesays.com\/pt\/wp-json\/wp\/v2\/posts\/221343","targetHints":{"allow":["GET"]}}],"collection":[{"href":"https:\/\/www.europesays.com\/pt\/wp-json\/wp\/v2\/posts"}],"about":[{"href":"https:\/\/www.europesays.com\/pt\/wp-json\/wp\/v2\/types\/post"}],"author":[{"embeddable":true,"href":"https:\/\/www.europesays.com\/pt\/wp-json\/wp\/v2\/users\/2"}],"replies":[{"embeddable":true,"href":"https:\/\/www.europesays.com\/pt\/wp-json\/wp\/v2\/comments?post=221343"}],"version-history":[{"count":0,"href":"https:\/\/www.europesays.com\/pt\/wp-json\/wp\/v2\/posts\/221343\/revisions"}],"wp:featuredmedia":[{"embeddable":true,"href":"https:\/\/www.europesays.com\/pt\/wp-json\/wp\/v2\/media\/221344"}],"wp:attachment":[{"href":"https:\/\/www.europesays.com\/pt\/wp-json\/wp\/v2\/media?parent=221343"}],"wp:term":[{"taxonomy":"category","embeddable":true,"href":"https:\/\/www.europesays.com\/pt\/wp-json\/wp\/v2\/categories?post=221343"},{"taxonomy":"post_tag","embeddable":true,"href":"https:\/\/www.europesays.com\/pt\/wp-json\/wp\/v2\/tags?post=221343"}],"curies":[{"name":"wp","href":"https:\/\/api.w.org\/{rel}","templated":true}]}}