{"id":221355,"date":"2026-01-08T23:55:12","date_gmt":"2026-01-08T23:55:12","guid":{"rendered":"https:\/\/www.europesays.com\/pt\/221355\/"},"modified":"2026-01-08T23:55:12","modified_gmt":"2026-01-08T23:55:12","slug":"caracas-diz-que-ataque-dos-eua-causou-pelo-menos-100-mortos","status":"publish","type":"post","link":"https:\/\/www.europesays.com\/pt\/221355\/","title":{"rendered":"Caracas diz que ataque dos EUA causou pelo menos 100 mortos"},"content":{"rendered":"<p data-remotead-prev-elm=\"true\" data-remotead-elm-id=\"inread\">&#8220;At\u00e9 agora, at\u00e9 agora, e repito, at\u00e9 agora, h\u00e1 100 mortos, 100, e um n\u00famero semelhante de feridos. O ataque contra o nosso pa\u00eds foi terr\u00edvel&#8221;, afirmou Cabello na quarta-feira, durante um programa semanal na televis\u00e3o p\u00fablica.<\/p>\n<p>&#8220;Cilia [Flores, mulher de Maduro] foi ferida na cabe\u00e7a e golpeada no corpo. O &#8216;irm\u00e3o&#8217; Nicol\u00e1s foi ferido numa perna. Felizmente, eles est\u00e3o a recuperar dos ferimentos&#8217;, acrescentou Cabello.<\/p>\n<p>As for\u00e7as armadas venezuelanas divulgaram na quarta-feira v\u00e1rios v\u00eddeos do funeral dos militares mortos, mostrando dezenas de familiares em l\u00e1grimas, caix\u00f5es cobertos com bandeiras venezuelanas e discursos a elogiar &#8220;a coragem, a bravura, a honra e a lealdade&#8221; dos militares mortos.<\/p>\n<p data-remotead-prev-elm=\"true\" data-remotead-elm-id=\"centro1\">Embora n\u00e3o houvesse um balan\u00e7o oficial, a ag\u00eancia France-Presse (AFP) noticiou a morte de pelo menos um civil, um miliciano, 23 militares venezuelanos e 32 cubanos.<\/p>\n<p>No domingo, Havana j\u00e1 tinha indicado que 32 militares cubanos, destacados na Venezuela, morreram em &#8220;a\u00e7\u00f5es de combate&#8221; durante o ataque norte-americano.<\/p>\n<p>O presidente cubano, Miguel D\u00edaz-Canel, explicou nas redes sociais que os militares &#8220;cumpriam miss\u00f5es&#8221; em Caracas a &#8220;pedido de \u00f3rg\u00e3os hom\u00f3logos desse pa\u00eds&#8221;, sem mais detalhes.<\/p>\n<p data-remotead-prev-elm=\"true\" data-remotead-elm-id=\"centro2\">Fontes venezuelanas, citadas pelo &#8220;The New York Times&#8221;, tinham revelado, por sua vez, que morreram 80 pessoas na opera\u00e7\u00e3o na Venezuela.<\/p>\n<p>Os Estados Unidos lan\u00e7aram no s\u00e1bado um ataque contra a Venezuela para deter o l\u00edder venezuelano e a mulher, e anunciaram que v\u00e3o governar o pa\u00eds at\u00e9 se concluir uma transi\u00e7\u00e3o de poder.<\/p>\n<p>Delcy Rodr\u00edguez, vice-presidente executiva de Maduro, assumiu a presid\u00eancia interina do pa\u00eds com o apoio das For\u00e7as Armadas.<\/p>\n<p>Na segunda-feira, Maduro e a mulher prestaram breves declara\u00e7\u00f5es num tribunal de Nova Iorque para responder \u00e0s acusa\u00e7\u00f5es de tr\u00e1fico de droga, corrup\u00e7\u00e3o e branqueamento de capitais e ambos declararam-se inocentes. A pr\u00f3xima audi\u00eancia est\u00e1 marcada para 17 de mar\u00e7o.<\/p>\n","protected":false},"excerpt":{"rendered":"&#8220;At\u00e9 agora, at\u00e9 agora, e repito, at\u00e9 agora, h\u00e1 100 mortos, 100, e um n\u00famero semelhante de feridos.&hellip;\n","protected":false},"author":2,"featured_media":221356,"comment_status":"","ping_status":"","sticky":false,"template":"","format":"standard","meta":{"footnotes":""},"categories":[50],"tags":[27,28,41754,15,16,14,25,26,21,22,62,12,13,19,20,23,24,17,18,29,30,31,3023,63,64,65],"class_list":{"0":"post-221355","1":"post","2":"type-post","3":"status-publish","4":"format-standard","5":"has-post-thumbnail","7":"category-mundo","8":"tag-breaking-news","9":"tag-breakingnews","10":"tag-eua-atacam-venezuela","11":"tag-featured-news","12":"tag-featurednews","13":"tag-headlines","14":"tag-latest-news","15":"tag-latestnews","16":"tag-main-news","17":"tag-mainnews","18":"tag-mundo","19":"tag-news","20":"tag-noticias","21":"tag-noticias-principais","22":"tag-noticiasprincipais","23":"tag-principais-noticias","24":"tag-principaisnoticias","25":"tag-top-stories","26":"tag-topstories","27":"tag-ultimas","28":"tag-ultimas-noticias","29":"tag-ultimasnoticias","30":"tag-venezuela","31":"tag-world","32":"tag-world-news","33":"tag-worldnews"},"share_on_mastodon":{"url":"https:\/\/pubeurope.com\/@pt\/115862183940140452","error":""},"_links":{"self":[{"href":"https:\/\/www.europesays.com\/pt\/wp-json\/wp\/v2\/posts\/221355","targetHints":{"allow":["GET"]}}],"collection":[{"href":"https:\/\/www.europesays.com\/pt\/wp-json\/wp\/v2\/posts"}],"about":[{"href":"https:\/\/www.europesays.com\/pt\/wp-json\/wp\/v2\/types\/post"}],"author":[{"embeddable":true,"href":"https:\/\/www.europesays.com\/pt\/wp-json\/wp\/v2\/users\/2"}],"replies":[{"embeddable":true,"href":"https:\/\/www.europesays.com\/pt\/wp-json\/wp\/v2\/comments?post=221355"}],"version-history":[{"count":0,"href":"https:\/\/www.europesays.com\/pt\/wp-json\/wp\/v2\/posts\/221355\/revisions"}],"wp:featuredmedia":[{"embeddable":true,"href":"https:\/\/www.europesays.com\/pt\/wp-json\/wp\/v2\/media\/221356"}],"wp:attachment":[{"href":"https:\/\/www.europesays.com\/pt\/wp-json\/wp\/v2\/media?parent=221355"}],"wp:term":[{"taxonomy":"category","embeddable":true,"href":"https:\/\/www.europesays.com\/pt\/wp-json\/wp\/v2\/categories?post=221355"},{"taxonomy":"post_tag","embeddable":true,"href":"https:\/\/www.europesays.com\/pt\/wp-json\/wp\/v2\/tags?post=221355"}],"curies":[{"name":"wp","href":"https:\/\/api.w.org\/{rel}","templated":true}]}}