{"id":221357,"date":"2026-01-08T23:56:27","date_gmt":"2026-01-08T23:56:27","guid":{"rendered":"https:\/\/www.europesays.com\/pt\/221357\/"},"modified":"2026-01-08T23:56:27","modified_gmt":"2026-01-08T23:56:27","slug":"vem-ai-muita-chuva-a-partir-da-tarde-ipma-emite-aviso-amarelo-para-o-minho","status":"publish","type":"post","link":"https:\/\/www.europesays.com\/pt\/221357\/","title":{"rendered":"Vem a\u00ed muita chuva a partir da tarde. IPMA emite aviso amarelo para o Minho"},"content":{"rendered":"<p>O Instituto Portugu\u00eas do Mar e da Atmosfera (IPMA) emitiu aviso amarelo para o distritos de Braga e Viana do Castelo por causa da chuva, \u201cpor vezes forte\u201d, entre a tarde e noite desta quinta-feira. <\/p>\n<p>&#13;<br \/>\n&#13;<br \/>\n&#13;<\/p>\n<p>O aviso amarelo estar\u00e1 em vigor entre as 17:00 e as 21:00. <\/p>\n<p>Braga e Viana do Castelo s\u00e3o os \u00fanicos distritos do pa\u00eds para os quais o IPMA emitiu aviso amarelo.<\/p>\n<p>O aviso amarelo \u00e9 emitido quando h\u00e1 uma \u201csitua\u00e7\u00e3o de risco para determinadas atividades dependentes\u201d do estado do tempo.<\/p>\n<p>Como O MINHO noticiou, <a href=\"https:\/\/ominho.pt\/depressao-goretti-chega-hoje-com-chuva-para-o-minho\/\" rel=\"nofollow noopener\" target=\"_blank\">a chuva deve-se \u00e0 depress\u00e3o Goretti que come\u00e7a a sentir-se em Portugal continental.<\/a><\/p>\n<p>De acordo com o Instituto Portugu\u00eas do Mar e da Atmosfera (IPMA), \u201ca depress\u00e3o tem uma superf\u00edcie frontal fria associada de atividade fraca a moderada, influenciando o estado do tempo no continente nos dias 08 e 09\u201d [hoje e sexta-feira].<\/p>\n<p>Assim, para hoje est\u00e1 \u201cprevista chuva, em geral fraca, principalmente no Norte e Centro, que ser\u00e1 temporariamente moderada no Minho e Douro Litoral a partir do final da tarde\u201d.<\/p>\n<p><img loading=\"lazy\" data-dominant-color=\"c5cfd2\" data-has-transparency=\"false\" style=\"--dominant-color: #c5cfd2;\" decoding=\"async\" width=\"400\" height=\"279\" alt=\"Depress\u00e3o goretti chega hoje com chuva para o minho\" class=\"wp-image-634852 not-transparent perfmatters-lazy\" title=\"Depress\u00e3o goretti chega hoje com chuva para o minho 6\" src=\"https:\/\/www.europesays.com\/pt\/wp-content\/uploads\/2026\/01\/Captura-de-ecra-2026-01-08-092041.png\"  data-\/>Fonte: IPMA<\/p>\n<p><img loading=\"lazy\" data-dominant-color=\"c8d1d4\" data-has-transparency=\"false\" style=\"--dominant-color: #c8d1d4;\" decoding=\"async\" width=\"402\" height=\"275\" alt=\"Depress\u00e3o goretti chega hoje com chuva para o minho\" class=\"wp-image-634853 not-transparent perfmatters-lazy\" title=\"Depress\u00e3o goretti chega hoje com chuva para o minho 7\" src=\"https:\/\/www.europesays.com\/pt\/wp-content\/uploads\/2026\/01\/Captura-de-ecra-2026-01-08-092050.png\"  data-\/>Fonte: IPMA<\/p>\n<p>Para amanh\u00e3, \u201cap\u00f3s a passagem da referida superf\u00edcie frontal fria, est\u00e3o previstos aguaceiros fracos, que ser\u00e3o de neve acima de 1.000\/1.200 metros de altitude\u201d.<\/p>\n","protected":false},"excerpt":{"rendered":"O Instituto Portugu\u00eas do Mar e da Atmosfera (IPMA) emitiu aviso amarelo para o distritos de Braga e&hellip;\n","protected":false},"author":2,"featured_media":221358,"comment_status":"","ping_status":"","sticky":false,"template":"","format":"standard","meta":{"footnotes":""},"categories":[10],"tags":[27,28,15,16,14,25,26,21,22,12,13,19,20,32,23,24,33,17,18,29,30,31],"class_list":{"0":"post-221357","1":"post","2":"type-post","3":"status-publish","4":"format-standard","5":"has-post-thumbnail","7":"category-portugal","8":"tag-breaking-news","9":"tag-breakingnews","10":"tag-featured-news","11":"tag-featurednews","12":"tag-headlines","13":"tag-latest-news","14":"tag-latestnews","15":"tag-main-news","16":"tag-mainnews","17":"tag-news","18":"tag-noticias","19":"tag-noticias-principais","20":"tag-noticiasprincipais","21":"tag-portugal","22":"tag-principais-noticias","23":"tag-principaisnoticias","24":"tag-pt","25":"tag-top-stories","26":"tag-topstories","27":"tag-ultimas","28":"tag-ultimas-noticias","29":"tag-ultimasnoticias"},"share_on_mastodon":{"url":"https:\/\/pubeurope.com\/@pt\/115862187847939251","error":""},"_links":{"self":[{"href":"https:\/\/www.europesays.com\/pt\/wp-json\/wp\/v2\/posts\/221357","targetHints":{"allow":["GET"]}}],"collection":[{"href":"https:\/\/www.europesays.com\/pt\/wp-json\/wp\/v2\/posts"}],"about":[{"href":"https:\/\/www.europesays.com\/pt\/wp-json\/wp\/v2\/types\/post"}],"author":[{"embeddable":true,"href":"https:\/\/www.europesays.com\/pt\/wp-json\/wp\/v2\/users\/2"}],"replies":[{"embeddable":true,"href":"https:\/\/www.europesays.com\/pt\/wp-json\/wp\/v2\/comments?post=221357"}],"version-history":[{"count":0,"href":"https:\/\/www.europesays.com\/pt\/wp-json\/wp\/v2\/posts\/221357\/revisions"}],"wp:featuredmedia":[{"embeddable":true,"href":"https:\/\/www.europesays.com\/pt\/wp-json\/wp\/v2\/media\/221358"}],"wp:attachment":[{"href":"https:\/\/www.europesays.com\/pt\/wp-json\/wp\/v2\/media?parent=221357"}],"wp:term":[{"taxonomy":"category","embeddable":true,"href":"https:\/\/www.europesays.com\/pt\/wp-json\/wp\/v2\/categories?post=221357"},{"taxonomy":"post_tag","embeddable":true,"href":"https:\/\/www.europesays.com\/pt\/wp-json\/wp\/v2\/tags?post=221357"}],"curies":[{"name":"wp","href":"https:\/\/api.w.org\/{rel}","templated":true}]}}