{"id":221359,"date":"2026-01-08T23:57:19","date_gmt":"2026-01-08T23:57:19","guid":{"rendered":"https:\/\/www.europesays.com\/pt\/221359\/"},"modified":"2026-01-08T23:57:19","modified_gmt":"2026-01-08T23:57:19","slug":"ventura-lidera-sondagem-cotrim-reforca-o-terceiro-observador","status":"publish","type":"post","link":"https:\/\/www.europesays.com\/pt\/221359\/","title":{"rendered":"Ventura lidera sondagem, Cotrim refor\u00e7a o terceiro \u2013 Observador"},"content":{"rendered":"<p>Acompanhe o nosso <a href=\"https:\/\/observador.pt\/liveblogs\/quinto-dia-de-campanha-arranca-com-os-candidatos-divididos-pelo-pais\/\" rel=\"nofollow noopener\" target=\"_blank\">liveblog sobre as elei\u00e7\u00f5es presidenciais<\/a><\/p>\n<p>Andr\u00e9 Ventura lidera a nova sondagem realizada pela Pitag\u00f3rica para a CNN Portugal, TVI, JN e TSF. No inqu\u00e9rito divulgado esta noite, o l\u00edder do Chega surge na frente com 20,5% das inten\u00e7\u00f5es de voto, num empate t\u00e9cnico com Ant\u00f3nio Jos\u00e9 Seguro, com 20,1%.<\/p>\n<p>Em terceiro lugar, mant\u00e9m-se Jo\u00e3o Cotrim de Figueiredo, que refor\u00e7a a terceira posi\u00e7\u00e3o da sondagem com 18,1%, \u00e0 frente de Henrique Gouveia e Melo, com 17,8%, e de Marques Mendes, com 16,7%.<\/p>\n<p>Mais abaixo nos resultados do inqu\u00e9rito de voto, est\u00e3o Catarina Martins, com 3%, Ant\u00f3nio Filipe, com 2,4%, Jorge Pinto, com 0,8%, que ultrapassa Manuel Jo\u00e3o Vieira, neste momento com 0,4% das inten\u00e7\u00f5es de voto.<\/p>\n<p>\u00c9 a primeira vez que Andr\u00e9 Ventura ocupa a dianteira das sondagens, num per\u00edodo em que Ant\u00f3nio Jos\u00e9 Seguro, candidato apoiado pelo PS, tem liderado os \u00faltimos resultados. Ventura subiu e Seguro desceu: Ventura registava, na \u00faltima quarta-feira, 19,6% das inten\u00e7\u00f5es de voto, ao passo que Seguro liderava com 21%. Apesar de um empate t\u00e9cnico, esta flutua\u00e7\u00e3o entre os dois candidatos a Bel\u00e9m d\u00e1 uma ligeira vantagem ao l\u00edder do Chega e regista a \u00fanica descida nas inten\u00e7\u00f5es de voto deste inqu\u00e9rito entre os cinco candidatos mais cotados nas sondagens.<\/p>\n<p>Entre os outros candidatos mais pr\u00f3ximos da lideran\u00e7a, Cotrim de Figueiredo mant\u00e9m-se no p\u00f3dio das inten\u00e7\u00f5es de voto, com uma subida, ainda assim, menos acentuada que a de Henrique Gouveia e Melo e Lu\u00eds Marques Mendes, que agora\u00a0se acercam do candidato apoiado pela Iniciativa Liberal.<\/p>\n<ol>\n<li>Andr\u00e9 Ventura \u2013 20,5%<\/li>\n<li>Ant\u00f3nio Jos\u00e9 Seguro \u2013 20,1%<\/li>\n<li>Jo\u00e3o Cotrim de Figueiredo \u2013 18,1%<\/li>\n<li>Henrique Gouveia e Melo \u2013 17,8%<\/li>\n<li>Lu\u00eds Marques Mendes \u2013 16,7%<\/li>\n<li>Catarina Martins \u2013 3%<\/li>\n<li>Ant\u00f3nio Filipe \u2013 2,4%<\/li>\n<li>Jorge Pinto \u2013 0,8%<\/li>\n<li>Manuel Jo\u00e3o Vieira \u2013 0,4%<\/li>\n<\/ol>\n<p>Para os resultados conhecidos esta quinta-feira, foi recolhida uma amostra de 608 entrevistas durante os dias 5, 6 e 7 de janeiro de 2026, com um grau de confian\u00e7a de 95,5%, o que corresponde a uma margem de erro m\u00e1xima de \u00b14,06%.<\/p>\n","protected":false},"excerpt":{"rendered":"Acompanhe o nosso liveblog sobre as elei\u00e7\u00f5es presidenciais Andr\u00e9 Ventura lidera a nova sondagem realizada pela Pitag\u00f3rica para&hellip;\n","protected":false},"author":2,"featured_media":221360,"comment_status":"","ping_status":"","sticky":false,"template":"","format":"standard","meta":{"footnotes":""},"categories":[8],"tags":[3368,26091,27,28,1077,15,16,14,25,26,21,22,12,13,19,20,3369,302,32,1076,23,24,455,33,17,18,29,30,31],"class_list":{"0":"post-221359","1":"post","2":"type-post","3":"status-publish","4":"format-standard","5":"has-post-thumbnail","7":"category-principais-noticias","8":"tag-andru00e9-ventura","9":"tag-antu00f3nio-josu00e9-seguro","10":"tag-breaking-news","11":"tag-breakingnews","12":"tag-eleiu00e7u00f5es","13":"tag-featured-news","14":"tag-featurednews","15":"tag-headlines","16":"tag-latest-news","17":"tag-latestnews","18":"tag-main-news","19":"tag-mainnews","20":"tag-news","21":"tag-noticias","22":"tag-noticias-principais","23":"tag-noticiasprincipais","24":"tag-partido-chega","25":"tag-polu00edtica","26":"tag-portugal","27":"tag-presidenciais-2026","28":"tag-principais-noticias","29":"tag-principaisnoticias","30":"tag-ps","31":"tag-pt","32":"tag-top-stories","33":"tag-topstories","34":"tag-ultimas","35":"tag-ultimas-noticias","36":"tag-ultimasnoticias"},"share_on_mastodon":{"url":"https:\/\/pubeurope.com\/@pt\/115862191725885123","error":""},"_links":{"self":[{"href":"https:\/\/www.europesays.com\/pt\/wp-json\/wp\/v2\/posts\/221359","targetHints":{"allow":["GET"]}}],"collection":[{"href":"https:\/\/www.europesays.com\/pt\/wp-json\/wp\/v2\/posts"}],"about":[{"href":"https:\/\/www.europesays.com\/pt\/wp-json\/wp\/v2\/types\/post"}],"author":[{"embeddable":true,"href":"https:\/\/www.europesays.com\/pt\/wp-json\/wp\/v2\/users\/2"}],"replies":[{"embeddable":true,"href":"https:\/\/www.europesays.com\/pt\/wp-json\/wp\/v2\/comments?post=221359"}],"version-history":[{"count":0,"href":"https:\/\/www.europesays.com\/pt\/wp-json\/wp\/v2\/posts\/221359\/revisions"}],"wp:featuredmedia":[{"embeddable":true,"href":"https:\/\/www.europesays.com\/pt\/wp-json\/wp\/v2\/media\/221360"}],"wp:attachment":[{"href":"https:\/\/www.europesays.com\/pt\/wp-json\/wp\/v2\/media?parent=221359"}],"wp:term":[{"taxonomy":"category","embeddable":true,"href":"https:\/\/www.europesays.com\/pt\/wp-json\/wp\/v2\/categories?post=221359"},{"taxonomy":"post_tag","embeddable":true,"href":"https:\/\/www.europesays.com\/pt\/wp-json\/wp\/v2\/tags?post=221359"}],"curies":[{"name":"wp","href":"https:\/\/api.w.org\/{rel}","templated":true}]}}