{"id":221361,"date":"2026-01-08T23:58:11","date_gmt":"2026-01-08T23:58:11","guid":{"rendered":"https:\/\/www.europesays.com\/pt\/221361\/"},"modified":"2026-01-08T23:58:11","modified_gmt":"2026-01-08T23:58:11","slug":"fabiola-reipert-mostra-laudo-do-medico-que-alega-agressao-de-cariucha-ahoradavenenosa-shorts-r7","status":"publish","type":"post","link":"https:\/\/www.europesays.com\/pt\/221361\/","title":{"rendered":"Fab\u00edola Reipert mostra laudo do m\u00e9dico que alega agress\u00e3o de Cari\u00facha #ahoradavenenosa #shorts &#8211; R7"},"content":{"rendered":"<ol>\n<li><a href=\"https:\/\/news.google.com\/rss\/articles\/CBMi1AFBVV95cUxPcExBdGhMWXJqWUlldUdUaFZsbnBLRlhOS1l5SVVhcER6RHV4MlNacnpEeUtaTzQ1Z2RsLVBhOE5kajI1S25nbVNwRTlpbFFtVk5PRDJ2eDhYekY5VnJLUTNDcnQtWmJnYzFqYXhOaFhidkpkaHRTc0tES09BWnJDSVVHV0xYRHVUVDlvdUZrdVBHQXZ2bWI1Z1ZBQ1ZFWmZGc2tPQnJqYjlsdEF4clFGQ3lwdWR6NE1jSjA2QzFCZFJVVXotbDhGbWVIeTdZeHduRVVlQQ?oc=5\" target=\"_blank\" rel=\"nofollow noopener\">Fab\u00edola Reipert mostra laudo do m\u00e9dico que alega agress\u00e3o de Cari\u00facha #ahoradavenenosa #shorts<\/a>&nbsp;&nbsp;R7<\/li>\n<li><a href=\"https:\/\/news.google.com\/rss\/articles\/CBMipwJBVV95cUxQZ3JrNDlhTW1qdlQyenVtVkdvUl9ELWdnWjZpaXhEaFF3QlplYldHYXZ6SGszQ0NFQmlLVlc3eHVKWklIUVNQQjdjX19ZZGRyT0VLMlhyV292blpIXzZReFVsajZaWEFxeDlzUzJDSmQ0eXhqZGIxMDg4Z2ZLUFBidzd4VzJwSlp6bXBpY29qcDlFaG1xUWNwZGMxc3dZUHQ3X1ZBUzZMTWNkVF8xRmtEWGtRSjZCQUJHX3V4UVhBcTdZUE1VMm80TEpQdUlpNEtSVHQ1X2JLbDMycVdpSEcxM2dQLWFibTVsYzE2TWZjQ1pyNFRIblZZV0xzcE1jdHBLM3lUcmZDaUhycDVlY3Mtd1ZfNEZjem5VYmJ6V1U5LVdTa181Z3dV?oc=5\" target=\"_blank\" rel=\"nofollow noopener\">Cari\u00facha fora do &#8216;Fofocalizando&#8217;: ap\u00f3s laudo pericial confirmar agress\u00e3o, SBT define data para volta dela ao programa<\/a>&nbsp;&nbsp;Terra<\/li>\n<li><a href=\"https:\/\/news.google.com\/rss\/articles\/CBMiwAFBVV95cUxPdHN0YjBibWQ0VXlRRmpua2x4UXVxN1E2dDdtM3JqS0d6WkVHZmx3TmJrM3NHUWZyMGl5SGlNMXpoVHNnWHFOVk5aSVlFWHlsUGtzMWRoVldxTXNCWjY1ZFhIV3ZwSGFjQi1DYVp2dl9YQms3MVliWmIzWkFoeUg1eHUxNmR0TWtOWnF3ZjdXYjBLbDA5WUIwODZ4LUs3djdnMU0wcGNZQlVnVUw1Q1pnOGo1NFlVWklyczQzWnJjLVQ?oc=5\" target=\"_blank\" rel=\"nofollow noopener\">Antonia Fontenelle detona Cari\u00facha ap\u00f3s apresentadora relatar agress\u00e3o: \u2018Eu demito\u2019<\/a>&nbsp;&nbsp;R\u00e1dio Itatiaia<\/li>\n<li><a href=\"https:\/\/news.google.com\/rss\/articles\/CBMixAFBVV95cUxOcENzWnRTdi1wakVocnFKeDVWdXVGZkVuZnFzamNCekk2UnduaW5FNXJxdElQMWwtWmx0M1RGWENoTzV2QV9menFQWjh0NFllZTNPdE05ZW1KY19qeW9mOEZUN3Y0b3JxZkJRNm5TMUtjVzdrU0NlZXNzTlJrQWlSVmdhRXRtRlVaRlZZRXROUW5QYk10NS1XQS1tZEdGNmlKY0dITVBPRndQaUlxby1tOXlqNWJ6WnpjYjdTdm1pLXktMW5m0gHTAUFVX3lxTE5Uc2plSG5uNFVmbjUxWE9Mc3lsWGFuRGREd3ktbEpLRVhtanFKN0ZOSGxuQWxEWUNCY24yQlhURHZ5Qkh6VHVvcWFWSF92cXlIbnVyR3oxSHNmb09YYkplR0ZfTm1kbDBCdThhT05FeGhjZGkxcU1wX1hBS3cwSWpHTTUtUF9rLVpqeVR2VjNDRWRXb3lUNEl0Q0k3ZGRBcEFQQi1WcGdsa3AtUVFST2l4eU8yNlVPamJHMGF5Z29oVEFjSGttb2g4azYwOTlIWHI2WkU?oc=5\" target=\"_blank\" rel=\"nofollow noopener\">Acusa\u00e7\u00e3o de agress\u00e3o e cal\u00fania: entenda confus\u00e3o entre Cari\u00facha e m\u00e9dico em Balne\u00e1rio Cambori\u00fa<\/a>&nbsp;&nbsp;G1<\/li>\n<li><a href=\"https:\/\/news.google.com\/rss\/articles\/CBMisgFBVV95cUxQYWlBQ1RrVFg0MWJua05RYUlpOE5MOENuYmFiUGcwOUxUZklHaDVoVnFNb2pLRW9wVF9zdXZLT1VWMlJ2Y0R2c1NxajVpT1k3dDlWa1dzU0I2YzhtTXZ3Y0JValVxUUdEY3lCMG9hVVBleWk0R0E0TmNmdzFDSnY2MjJacDc3bGFwekdWQ3lialpfYnUtc3hBWUpSTWlpOW42S1ZTUGlmRWlYMG1aV0phTHVB?oc=5\" target=\"_blank\" rel=\"nofollow noopener\">Bastidores do SBT: Daniela Beyruti se irrita ap\u00f3s caso Cari\u00facha<\/a>&nbsp;&nbsp;Metr\u00f3poles<\/li>\n<\/ol>\n","protected":false},"excerpt":{"rendered":"Fab\u00edola Reipert mostra laudo do m\u00e9dico que alega agress\u00e3o de Cari\u00facha #ahoradavenenosa #shorts&nbsp;&nbsp;R7 Cari\u00facha fora do &#8216;Fofocalizando&#8217;: ap\u00f3s&hellip;\n","protected":false},"author":2,"featured_media":221362,"comment_status":"","ping_status":"","sticky":false,"template":"","format":"standard","meta":{"footnotes":""},"categories":[145],"tags":[211,210,114,115,32,33],"class_list":{"0":"post-221361","1":"post","2":"type-post","3":"status-publish","4":"format-standard","5":"has-post-thumbnail","7":"category-celebridades","8":"tag-celebridades","9":"tag-celebrities","10":"tag-entertainment","11":"tag-entretenimento","12":"tag-portugal","13":"tag-pt"},"share_on_mastodon":{"url":"https:\/\/pubeurope.com\/@pt\/115862195566279804","error":""},"_links":{"self":[{"href":"https:\/\/www.europesays.com\/pt\/wp-json\/wp\/v2\/posts\/221361","targetHints":{"allow":["GET"]}}],"collection":[{"href":"https:\/\/www.europesays.com\/pt\/wp-json\/wp\/v2\/posts"}],"about":[{"href":"https:\/\/www.europesays.com\/pt\/wp-json\/wp\/v2\/types\/post"}],"author":[{"embeddable":true,"href":"https:\/\/www.europesays.com\/pt\/wp-json\/wp\/v2\/users\/2"}],"replies":[{"embeddable":true,"href":"https:\/\/www.europesays.com\/pt\/wp-json\/wp\/v2\/comments?post=221361"}],"version-history":[{"count":0,"href":"https:\/\/www.europesays.com\/pt\/wp-json\/wp\/v2\/posts\/221361\/revisions"}],"wp:featuredmedia":[{"embeddable":true,"href":"https:\/\/www.europesays.com\/pt\/wp-json\/wp\/v2\/media\/221362"}],"wp:attachment":[{"href":"https:\/\/www.europesays.com\/pt\/wp-json\/wp\/v2\/media?parent=221361"}],"wp:term":[{"taxonomy":"category","embeddable":true,"href":"https:\/\/www.europesays.com\/pt\/wp-json\/wp\/v2\/categories?post=221361"},{"taxonomy":"post_tag","embeddable":true,"href":"https:\/\/www.europesays.com\/pt\/wp-json\/wp\/v2\/tags?post=221361"}],"curies":[{"name":"wp","href":"https:\/\/api.w.org\/{rel}","templated":true}]}}