{"id":221394,"date":"2026-01-09T00:26:39","date_gmt":"2026-01-09T00:26:39","guid":{"rendered":"https:\/\/www.europesays.com\/pt\/221394\/"},"modified":"2026-01-09T00:26:39","modified_gmt":"2026-01-09T00:26:39","slug":"virginia-e-ze-felipe-perdem-pedido-na-justica-em-caso-envolvendo-mansao-portal-uai","status":"publish","type":"post","link":"https:\/\/www.europesays.com\/pt\/221394\/","title":{"rendered":"Virginia e Z\u00e9 Felipe perdem pedido na Justi\u00e7a em caso envolvendo mans\u00e3o &#8211; Portal Uai"},"content":{"rendered":"<ol>\n<li><a href=\"https:\/\/news.google.com\/rss\/articles\/CBMi7gFBVV95cUxPd3BQaDdfR2Q2bEgwNF93czVGUGRDWndQb19sZXJpMUF6SWh2SU9rMnBXaDFRdUpwQXQwU2VnUzNVZV80VG1CS19ha3RDQnY5WE5ULUQwTS00aWhPMGxYdlVQLUxSeUNTbzFvQWJPWktsSjhPZHAxRldqdjZVZklOYnh6M2F6SXFuTzJ3aGFJYUhVNnV6Mzk0Qlh2M1FFdzJOVzAtbFA1U0FXOWRWUy1pYkVpLWlwMmRhYTZsNXhBLWd1bUxlRG5KM1NXLUwyejBGaU9hVG92R3J6ZnVfbHFvNTNjN0EtbUc1WVJJU1Rn0gHuAUFVX3lxTE9RQmloUURBVkZiR1QtRDFKUkswaVBWY0p6cGZGbFpKaGR3enp2OGJ5SmZWTmhhcy1FQ3VIRHd2R1BkcHZIb1ZpVWh2OG1Ha0s3cm1tQ05hb0FfeUtOMENPdklZSlJiRzI1SWhlSEUwYXE5alVoWGVwY25QSHdpSlhnTTRiSy00R3hUT1g4bFBqYWJ5cFdoWVBmalo5Vmt2bWgtS3dyYXJ3elJHS2xNRnl1VGdnWExtTWo3czNZNWUyWXBpclpHSzg5ZHl3dW00OU1lUzQxN1dZNU5DQkVPYWFkWDFMa2pScFRJaG1fQVE?oc=5\" target=\"_blank\" rel=\"nofollow noopener\">Virginia e Z\u00e9 Felipe perdem pedido na Justi\u00e7a em caso envolvendo mans\u00e3o<\/a>&nbsp;&nbsp;Portal Uai<\/li>\n<li><a href=\"https:\/\/news.google.com\/rss\/articles\/CBMirAFBVV95cUxOOVE3WVJacFdyZldRNU44TnpYd1EtQmpGYWxpS2RxUFpQSTVWLVBvbzg3SXJaTmRfOEo2U2pfaHhUZ1Q1OG4yS1VxMkdiME4yWUs4Mkt4M2lERXpwMkpZMEtnOFBiNzExMnBTcTVLcEh0djJubDhQdHhlempKMjJtV2J2MkdJWXhNYUJCVFJUSVBocGpfZFhSR18xSU5RRnN0TjJ0SnlWTTVadEMy?oc=5\" target=\"_blank\" rel=\"nofollow noopener\">Juiz nega sigilo em a\u00e7\u00e3o contra Virg\u00ednia: &#8220;n\u00e3o se preocupa em preservar intimidade&#8221;<\/a>&nbsp;&nbsp;Migalhas<\/li>\n<li><a href=\"https:\/\/news.google.com\/rss\/articles\/CBMinwJBVV95cUxNZ01veHlpR242dHdITER6R3hUU0I5VE83YzZvUHdYT0lYMGNqcElLNDN5OW9US0kzRnBFWTdQQzB4c2tuZ2lHZ0pUQjJLZHZGSG5obE1wT2dDVlhidlYtX1NkZFd2ZkJqbXpXZlYwQ1JyekpMMVFpM2NVRllKREJ4a2pfcGs0MnNXQlQ4Y3ZXY0pMcE5oR01XYmVzVHBCMFJZZXVkZ2x1RkI4aDlmTkQxaFRkcHVIaElOd3RRaGZXTG5Gel95ODRuR25pejNacHJiWWNZT3lOaG11M0w4bnJWUWhxVjJkakFhOVRoV0lWYXpWaGZ0XzAyZGZJWTJ3NlQ1d2VaeXJkS1ppcTJQeVh3ZzRqTWRVSnc1U3hsY0d0NNIBrgJBVV95cUxQcnkzek44bTBhdy0xV0RjUGdfcE9hS1N4UEdZSDhXLU82YVl1U3NNdVp3UFJPdkVCZ3hndnQwa3JqdWZLcW83TzRMbERnWmdIVW1la1FWYWVLeFB1cHlsZEVTNnlxRzFielNBUnZvSERrQjcyVUNzOWt1cms1eUxiZHJRdHk2V1lFVkZfaVRkUWx4MXRDOFd4RGNmVHJ2UU93ZGFNRW9JYzFZWWNzQ2RUb21EamhhQkUxYUZ0bFU0TVlub2xLYk1tQ3lwRjJaUHBVV01tU2dnX1FWeW5EdnkyQWJRV3d1QWRLcmh0NjFqb3NxVW1TOG8wY1VNQ1BRZ3daX0ZBSG1KeUIzbmkyYTU0M3NTQ19tYy1kNWZ6Znlsek5pQWNFdGxyY1h6cXkzZw?oc=5\" target=\"_blank\" rel=\"nofollow noopener\">Juiz nega sigilo pedido por Virginia e Z\u00e9 Felipe em a\u00e7\u00e3o sobre mans\u00e3o em Goi\u00e2nia: \u2018N\u00e3o busca preservar intimidade\u2019<\/a>&nbsp;&nbsp;G1<\/li>\n<li><a href=\"https:\/\/news.google.com\/rss\/articles\/CBMiowFBVV95cUxQMXZOM09HZGhkV0VNY2hfdlM4aTdCbE9TM195S2FMM1hVUFg1VWROZVhBeUR3YVh5N1UyN0hwQTFtWXc3YmwzaHNCamFjRjcycjBuQy1ET0kwczVqTjd4SC10STNuak1zWEFkaXd5am9ZOXoxQmtnR2dHTDhVUUFTYjNOUVI2S3d4dmZVTFZ1SmpCZ1B5NkVJRlFBTkl0OFc2bGUw?oc=5\" target=\"_blank\" rel=\"nofollow noopener\">O pedido de Virg\u00ednia Fonseca e Z\u00e9 Felipe negado por juiz<\/a>&nbsp;&nbsp;VEJA<\/li>\n<li><a href=\"https:\/\/news.google.com\/rss\/articles\/CBMi7wFBVV95cUxPWFFMbmxiVERpaG5nc0tPeURQbktyeDYyZFJBSUJUME55UTh1S2s5eWljWHhVUk9uTzFKSFRud2JySmNET0pvOGVpUnRNZVY4UXpURGJMNzB4TGtNUWVzWFZKdW4zcllwSDB2UXROa3RoWFlNVTZxYmFJNG5jUTRpa3pvUEF5SGRNWVpzeFhvWTRBRWlOd0pNZGJGaVhXRTRpbFFMZVJ4NDBzd3YzU2hxaUxjTjBhSE4xU0s4d1ZTb0RTT1I4NXk3SjQ0YUFuUGJVUDJjbWdKWVVFX0xOUy1Da2ZkbjgyV3c0dGZOWk9vUdIB9AFBVV95cUxPcFVlRThTVDNNSDY5enBMTXBMemduQm55RnhTX3FpRmJnN1ptNkNxS1diUHA0QXUzLUNYWHdRWEdiYXB1bnJ1SmlZeGFfMnA3YVF6N3hpNXZ2WHpUdWlwbnBwLTJxNjhRbDAyOW9LTjh1eVdQalNhX3V0bTJXSVQyakpRajRUZGQ2elBHc01YdzZFUjlSdlZELUI4YzM2R3dMbFJ2WXQ2V2pKbnQ4RElGRXk3V0FZUllCSm5pYWlXVTNNaVZTcU9EYmpoY203SHJoVnkySllwR3RBUHAwRU9VWjZSUGF4MnVrWXR5UklHQmIwaGJM?oc=5\" target=\"_blank\" rel=\"nofollow noopener\">Virginia tenta esconder processo trabalhista de pedreiro, mas Justi\u00e7a nega<\/a>&nbsp;&nbsp;Correio Braziliense<\/li>\n<\/ol>\n","protected":false},"excerpt":{"rendered":"Virginia e Z\u00e9 Felipe perdem pedido na Justi\u00e7a em caso envolvendo mans\u00e3o&nbsp;&nbsp;Portal Uai Juiz nega sigilo em a\u00e7\u00e3o&hellip;\n","protected":false},"author":2,"featured_media":221395,"comment_status":"","ping_status":"","sticky":false,"template":"","format":"standard","meta":{"footnotes":""},"categories":[145],"tags":[211,210,114,115,32,33],"class_list":{"0":"post-221394","1":"post","2":"type-post","3":"status-publish","4":"format-standard","5":"has-post-thumbnail","7":"category-celebridades","8":"tag-celebridades","9":"tag-celebrities","10":"tag-entertainment","11":"tag-entretenimento","12":"tag-portugal","13":"tag-pt"},"share_on_mastodon":{"url":"https:\/\/pubeurope.com\/@pt\/115862305641040648","error":""},"_links":{"self":[{"href":"https:\/\/www.europesays.com\/pt\/wp-json\/wp\/v2\/posts\/221394","targetHints":{"allow":["GET"]}}],"collection":[{"href":"https:\/\/www.europesays.com\/pt\/wp-json\/wp\/v2\/posts"}],"about":[{"href":"https:\/\/www.europesays.com\/pt\/wp-json\/wp\/v2\/types\/post"}],"author":[{"embeddable":true,"href":"https:\/\/www.europesays.com\/pt\/wp-json\/wp\/v2\/users\/2"}],"replies":[{"embeddable":true,"href":"https:\/\/www.europesays.com\/pt\/wp-json\/wp\/v2\/comments?post=221394"}],"version-history":[{"count":0,"href":"https:\/\/www.europesays.com\/pt\/wp-json\/wp\/v2\/posts\/221394\/revisions"}],"wp:featuredmedia":[{"embeddable":true,"href":"https:\/\/www.europesays.com\/pt\/wp-json\/wp\/v2\/media\/221395"}],"wp:attachment":[{"href":"https:\/\/www.europesays.com\/pt\/wp-json\/wp\/v2\/media?parent=221394"}],"wp:term":[{"taxonomy":"category","embeddable":true,"href":"https:\/\/www.europesays.com\/pt\/wp-json\/wp\/v2\/categories?post=221394"},{"taxonomy":"post_tag","embeddable":true,"href":"https:\/\/www.europesays.com\/pt\/wp-json\/wp\/v2\/tags?post=221394"}],"curies":[{"name":"wp","href":"https:\/\/api.w.org\/{rel}","templated":true}]}}