{"id":221414,"date":"2026-01-09T00:40:07","date_gmt":"2026-01-09T00:40:07","guid":{"rendered":"https:\/\/www.europesays.com\/pt\/221414\/"},"modified":"2026-01-09T00:40:07","modified_gmt":"2026-01-09T00:40:07","slug":"atrasos-no-socorro-marcelo-pede-explicacoes-sobre-mortes-e-adia-decisao-sobre-ministra","status":"publish","type":"post","link":"https:\/\/www.europesays.com\/pt\/221414\/","title":{"rendered":"Atrasos no socorro. Marcelo pede explica\u00e7\u00f5es sobre mortes e adia decis\u00e3o sobre ministra"},"content":{"rendered":"<p>&#13;<br \/>\nO presidente da Rep\u00fablica exige esclarecimentos sobre as mortes alegadamente relacionadas com atrasos no INEM. &#8220;Tem que se esclarecer o que passou&#8221;, disse Marcelo Rebelo de Sousa em declara\u00e7\u00f5es \u00e0 SIC, esta quinta-feira.&#13;\n<\/p>\n<p>&#13;<br \/>\nRelativamente \u00e0 ministra da Sa\u00fade, o presidente da Rep\u00fablica disse que uma decis\u00e3o sobre a sua continuidade s\u00f3 ser\u00e1 tomada ap\u00f3s as elei\u00e7\u00f5es.&#13;\n<\/p>\n<p><b><br \/>&#13;<br \/>\n<\/b><\/p>\n<p>&#13;<br \/>\n<b>&#13;<br \/>\n\u201cEstamos a dez dias das elei\u00e7\u00f5es presidenciais. H\u00e1 lugar para p\u00f4r de p\u00e9 o que for preciso p\u00f4r de p\u00e9 para que isto funcione de uma maneira diferente. Depois haver\u00e1 um presidente da Rep\u00fablica diferente e o primeiro-ministro decidir\u00e1\u201d, disse.&#13;<br \/>\n<\/b>&#13;\n<\/p>\n<p><b>Em declara\u00e7\u00f5es transmitidas no &#8220;Jornal Nacional&#8221; da TVI, Marcelo Rebelo de Sousa reiterou a exig\u00eancia de uma explica\u00e7\u00e3o \u201co mais r\u00e1pido poss\u00edvel\u201d sobre os casos de mortes que ocorreram esta semana, defendendo que os portugueses precisam de certezas nesta mat\u00e9ria.<\/b><\/p>\n<p>&#8220;Eu sei que n\u00e3o \u00e9 f\u00e1cil para se saber exatamente o que se passou, mas o deixar passar muito tempo \u00e9 negativo para a rea\u00e7\u00e3o da opini\u00e3o p\u00fablica&#8221;, advertiu.<\/p>\n<p>Num outro excerto transmitido pela TVI, o chefe de Estado referiu que &#8220;o senhor primeiro-ministro j\u00e1 anunciou hoje que h\u00e1 mais ambul\u00e2ncias&#8221; e disse esperar que &#8220;estejam localizadas onde devem ser localizadas, que haja uma capacidade de resposta&#8221;.<\/p>\n<p>&#8220;Se h\u00e1 problemas a resolver em termos financeiros, que sejam resolvidos, se h\u00e1 problemas operacionais, que sejam resolvidos, porque as pessoas precisam de certezas, precisam realmente de esclarecimento e de certezas, como quem diz: se isto me acontecer a mim?&#8221;, acrescentou.&#13;\n<\/p>\n<p>&#13;<br \/>\n<b>Desde a passada ter\u00e7a-feira, tr\u00eas pessoas morreram por atrasos na assist\u00eancia do Instituto Nacional de Emerg\u00eancia M\u00e9dica (INEM).<\/b> Os \u00f3bitos foram registados no Seixal, Quinta do Conde e Tavira.&#13;\n<\/p>\n<p>No debate quinzenal desta quinta-feira, o primeiro-ministro lamentou estas mortes mas saiu em defesa da ministra da Sa\u00fade, rejeitando a sua demiss\u00e3o.\u00a0<\/p>\n","protected":false},"excerpt":{"rendered":"&#13; O presidente da Rep\u00fablica exige esclarecimentos sobre as mortes alegadamente relacionadas com atrasos no INEM. &#8220;Tem que&hellip;\n","protected":false},"author":2,"featured_media":221415,"comment_status":"","ping_status":"","sticky":false,"template":"","format":"standard","meta":{"footnotes":""},"categories":[8],"tags":[27,28,15,16,14,7923,25,26,21,22,12,13,19,20,32,23,24,33,117,2649,17,18,29,30,31],"class_list":{"0":"post-221414","1":"post","2":"type-post","3":"status-publish","4":"format-standard","5":"has-post-thumbnail","7":"category-principais-noticias","8":"tag-breaking-news","9":"tag-breakingnews","10":"tag-featured-news","11":"tag-featurednews","12":"tag-headlines","13":"tag-inem","14":"tag-latest-news","15":"tag-latestnews","16":"tag-main-news","17":"tag-mainnews","18":"tag-news","19":"tag-noticias","20":"tag-noticias-principais","21":"tag-noticiasprincipais","22":"tag-portugal","23":"tag-principais-noticias","24":"tag-principaisnoticias","25":"tag-pt","26":"tag-saude","27":"tag-sns","28":"tag-top-stories","29":"tag-topstories","30":"tag-ultimas","31":"tag-ultimas-noticias","32":"tag-ultimasnoticias"},"share_on_mastodon":{"url":"https:\/\/pubeurope.com\/@pt\/115862360728186175","error":""},"_links":{"self":[{"href":"https:\/\/www.europesays.com\/pt\/wp-json\/wp\/v2\/posts\/221414","targetHints":{"allow":["GET"]}}],"collection":[{"href":"https:\/\/www.europesays.com\/pt\/wp-json\/wp\/v2\/posts"}],"about":[{"href":"https:\/\/www.europesays.com\/pt\/wp-json\/wp\/v2\/types\/post"}],"author":[{"embeddable":true,"href":"https:\/\/www.europesays.com\/pt\/wp-json\/wp\/v2\/users\/2"}],"replies":[{"embeddable":true,"href":"https:\/\/www.europesays.com\/pt\/wp-json\/wp\/v2\/comments?post=221414"}],"version-history":[{"count":0,"href":"https:\/\/www.europesays.com\/pt\/wp-json\/wp\/v2\/posts\/221414\/revisions"}],"wp:featuredmedia":[{"embeddable":true,"href":"https:\/\/www.europesays.com\/pt\/wp-json\/wp\/v2\/media\/221415"}],"wp:attachment":[{"href":"https:\/\/www.europesays.com\/pt\/wp-json\/wp\/v2\/media?parent=221414"}],"wp:term":[{"taxonomy":"category","embeddable":true,"href":"https:\/\/www.europesays.com\/pt\/wp-json\/wp\/v2\/categories?post=221414"},{"taxonomy":"post_tag","embeddable":true,"href":"https:\/\/www.europesays.com\/pt\/wp-json\/wp\/v2\/tags?post=221414"}],"curies":[{"name":"wp","href":"https:\/\/api.w.org\/{rel}","templated":true}]}}